{"id":22892,"date":"2025-08-12T22:25:53","date_gmt":"2025-08-12T20:25:53","guid":{"rendered":"https:\/\/investx.fr\/de\/?p=22892"},"modified":"2025-08-12T22:25:53","modified_gmt":"2025-08-12T20:25:53","slug":"trump-droht-klage-gegen-fed-praesidenten","status":"publish","type":"post","link":"https:\/\/investx.fr\/de\/krypto-news\/trump-droht-klage-gegen-fed-praesidenten\/","title":{"rendered":"Trump droht mit Klage gegen den Fed-Pr\u00e4sidenten!"},"content":{"rendered":"\n<h2 class=\"wp-block-heading\" class=\"wp-block-heading\" id=\"ein-streit-ueber-die-renovierungskosten-der-fed\">Ein Streit \u00fcber die Renovierungskosten der Fed<\/h2>\n\n\n\n<p>Pr\u00e4sident <strong>Donald Trump<\/strong> hat k\u00fcrzlich seine Absicht bekannt gegeben, <strong>Jerome Powell<\/strong>, den Vorsitzenden der amerikanischen Notenbank, zu verklagen. Diese Entscheidung f\u00e4llt in eine Zeit, in der Trump weiterhin auf <strong>eine Senkung der Leitzinsen<\/strong> dr\u00e4ngt, trotz der ver\u00f6ffentlichten Inflationszahlen f\u00fcr Juli.<\/p>\n\n\n\n<p>Trump betonte, dass Powell eine <em>&#8222;schreckliche und grob inkompetente Arbeit&#8220;<\/em> bei der Verwaltung der <strong>Renovierungskosten der Geb\u00e4ude<\/strong> der Fed geleistet habe. Laut dem Pr\u00e4sidenten h\u00e4tten diese Arbeiten 50 Dollar kosten sollen, haben aber letztendlich <strong>Ausgaben in H\u00f6he von 3 Milliarden Dollar<\/strong> verursacht, die er als \u00fcberm\u00e4\u00dfig und verschwenderisch betrachtet.<\/p>\n\n\n<div class=\"wp-block-image\">\n<figure class=\"aligncenter size-full\"><img decoding=\"async\" width=\"1024\" height=\"683\" src=\"https:\/\/investx.fr\/de\/wp-content\/uploads\/sites\/3\/2025\/05\/jerome-powell.jpg\" alt=\"Jerome Powell\" class=\"wp-image-9764\" srcset=\"https:\/\/media.investx.fr\/wp-content\/uploads\/sites\/3\/2025\/05\/jerome-powell.jpg 1024w, https:\/\/media.investx.fr\/wp-content\/uploads\/sites\/3\/2025\/05\/jerome-powell-300x200.jpg 300w, https:\/\/media.investx.fr\/wp-content\/uploads\/sites\/3\/2025\/05\/jerome-powell-768x512.jpg 768w\" sizes=\"(max-width: 1024px) 100vw, 1024px\" \/><figcaption class=\"wp-element-caption\">Jerome Powell ist der aktuelle Vorsitzende der Fed.<\/figcaption><\/figure>\n<\/div>\n\n\n<p>Diese Saga um die Renovierungskosten war einer der Wege, durch die Powell <strong>unter Druck<\/strong> geraten ist, w\u00e4hrend er z\u00f6gert, eine Zinssenkung der Fed vorzunehmen. Trump besuchte sogar pers\u00f6nlich den Hauptsitz der Fed im letzten Monat, um <strong>die laufenden Arbeiten zu inspizieren<\/strong>, w\u00e4hrend er gleichzeitig eine Zinssenkung forderte.<\/p>\n\n\n\n<div class=\"wp-block-buttons is-layout-flex wp-block-buttons-is-layout-flex\">\n<div class=\"wp-block-button\"><a class=\"wp-block-button__link wp-element-button\" href=\"https:\/\/t.me\/+OuWfTkznv35iMDU8\" target=\"_blank\" rel=\"noreferrer noopener nofollow\">Treten Sie unserer VIP-Gruppe auf Telegram bei!<\/a><\/div>\n<\/div>\n\n\n\n<h2 class=\"wp-block-heading\" class=\"wp-block-heading\" id=\"die-fed-unter-trumps-angriffen\">Die Fed unter Trumps Angriffen<\/h2>\n\n\n\n<p>Trumps j\u00fcngste \u00c4u\u00dferungen folgen auf die Ver\u00f6ffentlichung der Daten zum <strong>Verbraucherpreisindex<\/strong> (VPI) in den USA f\u00fcr den Monat Juli. Der Pr\u00e4sident forderte Powell auf, die Zinsen zu senken, und behauptete, dass der Schaden durch die Verz\u00f6gerung seiner Entscheidungen &#8222;unermesslich&#8220; sei.<\/p>\n\n\n\n<p>Trotz dieser Kritik r\u00e4umte Trump ein, dass <strong>die US-Wirtschaft stark<\/strong> sei und es geschafft habe, die Politik der Fed zu \u00fcberstehen. Er erkl\u00e4rte auch, dass die verh\u00e4ngten Z\u00f6lle entgegen den Erwartungen der Zentralbank keine Inflation verursacht h\u00e4tten.<\/p>\n\n\n\n<p>Auf der anderen Seite begr\u00fc\u00dfte <strong>Stephen Miran<\/strong>, Trumps Wahl f\u00fcr den Fed-Rat, das Inflationsverhalten und erkl\u00e4rte, dass es keine Beweise f\u00fcr Inflation auf globaler Ebene gebe und <strong>die Zahlen zuverl\u00e4ssig seien<\/strong>. Laut ihm blieb die VPI-Inflation bei einer j\u00e4hrlichen Rate von <strong>1,9 %<\/strong> stabil, seit Trump sein Amt angetreten hat.<\/p>\n\n\n\n<div class=\"wp-block-buttons is-layout-flex wp-block-buttons-is-layout-flex\">\n<div class=\"wp-block-button\"><a class=\"wp-block-button__link wp-element-button\" href=\"https:\/\/investx.fr\/go-bitget\" target=\"_blank\" rel=\"noreferrer noopener nofollow\">Melden Sie sich bei Bybit an und erhalten Sie 6.200 USDT an Belohnungen!<\/a><\/div>\n<\/div>\n\n\n\n<p><strong>Zum gleichen Thema:<\/strong><\/p>\n\n\n\n<ul class=\"wp-block-list\">\n<li><a href=\"https:\/\/investx.fr\/de\/krypto-news\/xrp-30-realistisches-naechsten-bullenmarkt\/\">XRP bei $30: Realistisches Ziel f\u00fcr den n\u00e4chsten Bullenmarkt?<\/a><\/li>\n\n\n\n<li><a href=\"https:\/\/investx.fr\/de\/2025\/08\/12\/bnb-805-dollar-volatilitaet-rekordvolumen-2025\/\">BNB bei 805 $: Volatilit\u00e4t &amp; Rekordvolumen 2025<\/a><\/li>\n\n\n\n<li><a href=\"https:\/\/investx.fr\/de\/krypto-news\/hype-kursprognose-2025-2030-100-dollar\/\">HYPE Kursprognose 2025-2030: \u00dcber 100 $ m\u00f6glich?<\/a><\/li>\n<\/ul>\n","protected":false},"excerpt":{"rendered":"<p>Angesichts des Drucks von Donald Trump f\u00fcr Zinssenkungen durch die Federal Reserve hat der US-Pr\u00e4sident damit gedroht, rechtliche Schritte gegen Jerome Powell, den Vorsitzenden der Fed, einzuleiten. Trumps Einmischung in die Politik der Zentralbank wirft Bedenken auf.<\/p>\n","protected":false},"author":40,"featured_media":22891,"comment_status":"closed","ping_status":"open","sticky":false,"template":"","format":"standard","meta":{"_acf_changed":false,"_yoast_wpseo_focuskw":"Trump","_yoast_wpseo_title":"Trump erw\u00e4gt Klage gegen den FED-Pr\u00e4sidenten!","_yoast_wpseo_metadesc":"Erfahren Sie, wie der Machtkampf zwischen Trump und Powell die Spannungen zwischen der US-Regierung und der Zentralbank verdeutlicht.","footnotes":"","faq_titre":"","questions_frequentes":"","custom_permalink":""},"categories":[11],"tags":[],"class_list":["post-22892","post","type-post","status-publish","format-standard","has-post-thumbnail","hentry","category-krypto-news"],"acf":[],"yoast_head":"<!-- This site is optimized with the Yoast SEO plugin v26.4 - https:\/\/yoast.com\/wordpress\/plugins\/seo\/ -->\n<title>Trump erw\u00e4gt Klage gegen den FED-Pr\u00e4sidenten!<\/title>\n<meta name=\"description\" content=\"Erfahren Sie, wie der Machtkampf zwischen Trump und Powell die Spannungen zwischen der US-Regierung und der Zentralbank verdeutlicht.\" \/>\n<meta name=\"robots\" content=\"index, follow, max-snippet:-1, max-image-preview:large, max-video-preview:-1\" \/>\n<link rel=\"canonical\" href=\"https:\/\/investx.fr\/de\/krypto-news\/trump-droht-klage-gegen-fed-praesidenten\/\" \/>\n<meta property=\"og:locale\" content=\"de_DE\" \/>\n<meta property=\"og:type\" content=\"article\" \/>\n<meta property=\"og:title\" content=\"Trump erw\u00e4gt Klage gegen den FED-Pr\u00e4sidenten!\" \/>\n<meta property=\"og:description\" content=\"Erfahren Sie, wie der Machtkampf zwischen Trump und Powell die Spannungen zwischen der US-Regierung und der Zentralbank verdeutlicht.\" \/>\n<meta property=\"og:site_name\" content=\"InvestX \u2013 Krypto-News, Trading-Guide, Preisanalysen &amp; Prognosen\" \/>\n<meta property=\"article:published_time\" content=\"2025-08-12T20:25:53+00:00\" \/>\n<meta property=\"og:image\" content=\"https:\/\/investx.fr\/de\/wp-content\/uploads\/sites\/3\/2025\/08\/Donald-Trumpfile.jpeg\" \/>\n\t<meta property=\"og:image:width\" content=\"840\" \/>\n\t<meta property=\"og:image:height\" content=\"560\" \/>\n\t<meta property=\"og:image:type\" content=\"image\/jpeg\" \/>\n<meta name=\"author\" content=\"Gaston Cuny\" \/>\n<meta name=\"twitter:card\" content=\"summary_large_image\" \/>\n<meta name=\"twitter:creator\" content=\"@Gaston_Cuny\" \/>\n<meta name=\"twitter:label1\" content=\"Verfasst von\" \/>\n\t<meta name=\"twitter:data1\" content=\"Gaston Cuny\" \/>\n\t<meta name=\"twitter:label2\" content=\"Gesch\u00e4tzte Lesezeit\" \/>\n\t<meta name=\"twitter:data2\" content=\"3\u00a0Minuten\" \/>\n<script type=\"application\/ld+json\" class=\"yoast-schema-graph\">{\"@context\":\"https:\/\/schema.org\",\"@graph\":[{\"@type\":\"Article\",\"@id\":\"https:\/\/investx.fr\/de\/krypto-news\/trump-droht-klage-gegen-fed-praesidenten\/#article\",\"isPartOf\":{\"@id\":\"https:\/\/investx.fr\/de\/krypto-news\/trump-droht-klage-gegen-fed-praesidenten\/\"},\"author\":{\"name\":\"Gaston Cuny\",\"@id\":\"https:\/\/investx.fr\/de\/#\/schema\/person\/3e9bfe1c24e4cf00f46849f29bb29d7b\"},\"headline\":\"Trump droht mit Klage gegen den Fed-Pr\u00e4sidenten!\",\"datePublished\":\"2025-08-12T20:25:53+00:00\",\"mainEntityOfPage\":{\"@id\":\"https:\/\/investx.fr\/de\/krypto-news\/trump-droht-klage-gegen-fed-praesidenten\/\"},\"wordCount\":363,\"publisher\":{\"@id\":\"https:\/\/investx.fr\/de\/#organization\"},\"image\":{\"@id\":\"https:\/\/investx.fr\/de\/krypto-news\/trump-droht-klage-gegen-fed-praesidenten\/#primaryimage\"},\"thumbnailUrl\":\"https:\/\/media.investx.fr\/wp-content\/uploads\/sites\/3\/2025\/08\/Donald-Trumpfile.jpeg\",\"articleSection\":[\"News\"],\"inLanguage\":\"de\",\"copyrightYear\":\"2025\",\"copyrightHolder\":{\"@id\":\"https:\/\/investx.fr\/#organization\"}},{\"@type\":\"WebPage\",\"@id\":\"https:\/\/investx.fr\/de\/krypto-news\/trump-droht-klage-gegen-fed-praesidenten\/\",\"url\":\"https:\/\/investx.fr\/de\/krypto-news\/trump-droht-klage-gegen-fed-praesidenten\/\",\"name\":\"Trump erw\u00e4gt Klage gegen den FED-Pr\u00e4sidenten!\",\"isPartOf\":{\"@id\":\"https:\/\/investx.fr\/de\/#website\"},\"primaryImageOfPage\":{\"@id\":\"https:\/\/investx.fr\/de\/krypto-news\/trump-droht-klage-gegen-fed-praesidenten\/#primaryimage\"},\"image\":{\"@id\":\"https:\/\/investx.fr\/de\/krypto-news\/trump-droht-klage-gegen-fed-praesidenten\/#primaryimage\"},\"thumbnailUrl\":\"https:\/\/media.investx.fr\/wp-content\/uploads\/sites\/3\/2025\/08\/Donald-Trumpfile.jpeg\",\"datePublished\":\"2025-08-12T20:25:53+00:00\",\"description\":\"Erfahren Sie, wie der Machtkampf zwischen Trump und Powell die Spannungen zwischen der US-Regierung und der Zentralbank verdeutlicht.\",\"breadcrumb\":{\"@id\":\"https:\/\/investx.fr\/de\/krypto-news\/trump-droht-klage-gegen-fed-praesidenten\/#breadcrumb\"},\"inLanguage\":\"de\",\"potentialAction\":[{\"@type\":\"ReadAction\",\"target\":[\"https:\/\/investx.fr\/de\/krypto-news\/trump-droht-klage-gegen-fed-praesidenten\/\"]}]},{\"@type\":\"ImageObject\",\"inLanguage\":\"de\",\"@id\":\"https:\/\/investx.fr\/de\/krypto-news\/trump-droht-klage-gegen-fed-praesidenten\/#primaryimage\",\"url\":\"https:\/\/media.investx.fr\/wp-content\/uploads\/sites\/3\/2025\/08\/Donald-Trumpfile.jpeg\",\"contentUrl\":\"https:\/\/media.investx.fr\/wp-content\/uploads\/sites\/3\/2025\/08\/Donald-Trumpfile.jpeg\",\"width\":840,\"height\":560,\"caption\":\"Politician Donald Trump in casual attire.\"},{\"@type\":\"BreadcrumbList\",\"@id\":\"https:\/\/investx.fr\/de\/krypto-news\/trump-droht-klage-gegen-fed-praesidenten\/#breadcrumb\",\"itemListElement\":[{\"@type\":\"ListItem\",\"position\":1,\"name\":\"Home\",\"item\":\"https:\/\/investx.fr\/de\/\"},{\"@type\":\"ListItem\",\"position\":2,\"name\":\"Trump droht mit Klage gegen den Fed-Pr\u00e4sidenten!\"}]},{\"@type\":\"WebSite\",\"@id\":\"https:\/\/investx.fr\/de\/#website\",\"url\":\"https:\/\/investx.fr\/de\/\",\"name\":\"InvestX \u2013 Krypto-News, Trading-Guide, Preisanalysen & Prognosen\",\"description\":\"T\u00e4gliche Krypto-News und unbegrenzte Ressourcen zu Kryptow\u00e4hrungen, Trading, Blockchain, DeFi und mehr.\",\"publisher\":{\"@id\":\"https:\/\/investx.fr\/de\/#organization\"},\"potentialAction\":[{\"@type\":\"SearchAction\",\"target\":{\"@type\":\"EntryPoint\",\"urlTemplate\":\"https:\/\/investx.fr\/de\/?s={search_term_string}\"},\"query-input\":{\"@type\":\"PropertyValueSpecification\",\"valueRequired\":true,\"valueName\":\"search_term_string\"}}],\"inLanguage\":\"de\"},{\"@type\":\"Organization\",\"@id\":\"https:\/\/investx.fr\/de\/#organization\",\"name\":\"InvestX \u2013 Krypto-News, Trading-Guide, Preisanalysen & Prognosen\",\"url\":\"https:\/\/investx.fr\/de\/\",\"logo\":{\"@type\":\"ImageObject\",\"inLanguage\":\"de\",\"@id\":\"https:\/\/investx.fr\/de\/#\/schema\/logo\/image\/\",\"url\":\"https:\/\/investx.fr\/de\/wp-content\/uploads\/sites\/3\/2025\/02\/investx_logo_tr.png\",\"contentUrl\":\"https:\/\/investx.fr\/de\/wp-content\/uploads\/sites\/3\/2025\/02\/investx_logo_tr.png\",\"width\":1366,\"height\":768,\"caption\":\"InvestX \u2013 Krypto-News, Trading-Guide, Preisanalysen & Prognosen\"},\"image\":{\"@id\":\"https:\/\/investx.fr\/de\/#\/schema\/logo\/image\/\"}},{\"@type\":\"Person\",\"@id\":\"https:\/\/investx.fr\/de\/#\/schema\/person\/3e9bfe1c24e4cf00f46849f29bb29d7b\",\"name\":\"Gaston Cuny\",\"image\":{\"@type\":\"ImageObject\",\"inLanguage\":\"de\",\"@id\":\"https:\/\/investx.fr\/de\/#\/schema\/person\/image\/\",\"url\":\"https:\/\/secure.gravatar.com\/avatar\/3ecfd898cec0afdef1c81277217654fe9b03df72f40203130079d91e92ebb321?s=96&d=mm&r=g\",\"contentUrl\":\"https:\/\/secure.gravatar.com\/avatar\/3ecfd898cec0afdef1c81277217654fe9b03df72f40203130079d91e92ebb321?s=96&d=mm&r=g\",\"caption\":\"Gaston Cuny\"},\"description\":\"Gaston est r\u00e9dacteur depuis plus de 7 ans et un grand passionn\u00e9 de cryptomonnaies depuis 2020. Il adore naviguer dans cet \u00e9cosyst\u00e8me et souhaite d\u00e9sormais partager ses connaissances et ses trouvailles via InvestX.\",\"sameAs\":[\"https:\/\/x.com\/Gaston_Cuny\"],\"url\":\"https:\/\/investx.fr\/de\/author\/gaston_cuny\/\"}]}<\/script>\n<!-- \/ Yoast SEO plugin. -->","yoast_head_json":{"title":"Trump erw\u00e4gt Klage gegen den FED-Pr\u00e4sidenten!","description":"Erfahren Sie, wie der Machtkampf zwischen Trump und Powell die Spannungen zwischen der US-Regierung und der Zentralbank verdeutlicht.","robots":{"index":"index","follow":"follow","max-snippet":"max-snippet:-1","max-image-preview":"max-image-preview:large","max-video-preview":"max-video-preview:-1"},"canonical":"https:\/\/investx.fr\/de\/krypto-news\/trump-droht-klage-gegen-fed-praesidenten\/","og_locale":"de_DE","og_type":"article","og_title":"Trump erw\u00e4gt Klage gegen den FED-Pr\u00e4sidenten!","og_description":"Erfahren Sie, wie der Machtkampf zwischen Trump und Powell die Spannungen zwischen der US-Regierung und der Zentralbank verdeutlicht.","og_site_name":"InvestX \u2013 Krypto-News, Trading-Guide, Preisanalysen &amp; Prognosen","article_published_time":"2025-08-12T20:25:53+00:00","og_image":[{"width":840,"height":560,"url":"https:\/\/investx.fr\/de\/wp-content\/uploads\/sites\/3\/2025\/08\/Donald-Trumpfile.jpeg","type":"image\/jpeg"}],"author":"Gaston Cuny","twitter_card":"summary_large_image","twitter_creator":"@Gaston_Cuny","twitter_misc":{"Verfasst von":"Gaston Cuny","Gesch\u00e4tzte Lesezeit":"3\u00a0Minuten"},"schema":{"@context":"https:\/\/schema.org","@graph":[{"@type":"Article","@id":"https:\/\/investx.fr\/de\/krypto-news\/trump-droht-klage-gegen-fed-praesidenten\/#article","isPartOf":{"@id":"https:\/\/investx.fr\/de\/krypto-news\/trump-droht-klage-gegen-fed-praesidenten\/"},"author":{"name":"Gaston Cuny","@id":"https:\/\/investx.fr\/de\/#\/schema\/person\/3e9bfe1c24e4cf00f46849f29bb29d7b"},"headline":"Trump droht mit Klage gegen den Fed-Pr\u00e4sidenten!","datePublished":"2025-08-12T20:25:53+00:00","mainEntityOfPage":{"@id":"https:\/\/investx.fr\/de\/krypto-news\/trump-droht-klage-gegen-fed-praesidenten\/"},"wordCount":363,"publisher":{"@id":"https:\/\/investx.fr\/de\/#organization"},"image":{"@id":"https:\/\/investx.fr\/de\/krypto-news\/trump-droht-klage-gegen-fed-praesidenten\/#primaryimage"},"thumbnailUrl":"https:\/\/media.investx.fr\/wp-content\/uploads\/sites\/3\/2025\/08\/Donald-Trumpfile.jpeg","articleSection":["News"],"inLanguage":"de","copyrightYear":"2025","copyrightHolder":{"@id":"https:\/\/investx.fr\/#organization"}},{"@type":"WebPage","@id":"https:\/\/investx.fr\/de\/krypto-news\/trump-droht-klage-gegen-fed-praesidenten\/","url":"https:\/\/investx.fr\/de\/krypto-news\/trump-droht-klage-gegen-fed-praesidenten\/","name":"Trump erw\u00e4gt Klage gegen den FED-Pr\u00e4sidenten!","isPartOf":{"@id":"https:\/\/investx.fr\/de\/#website"},"primaryImageOfPage":{"@id":"https:\/\/investx.fr\/de\/krypto-news\/trump-droht-klage-gegen-fed-praesidenten\/#primaryimage"},"image":{"@id":"https:\/\/investx.fr\/de\/krypto-news\/trump-droht-klage-gegen-fed-praesidenten\/#primaryimage"},"thumbnailUrl":"https:\/\/media.investx.fr\/wp-content\/uploads\/sites\/3\/2025\/08\/Donald-Trumpfile.jpeg","datePublished":"2025-08-12T20:25:53+00:00","description":"Erfahren Sie, wie der Machtkampf zwischen Trump und Powell die Spannungen zwischen der US-Regierung und der Zentralbank verdeutlicht.","breadcrumb":{"@id":"https:\/\/investx.fr\/de\/krypto-news\/trump-droht-klage-gegen-fed-praesidenten\/#breadcrumb"},"inLanguage":"de","potentialAction":[{"@type":"ReadAction","target":["https:\/\/investx.fr\/de\/krypto-news\/trump-droht-klage-gegen-fed-praesidenten\/"]}]},{"@type":"ImageObject","inLanguage":"de","@id":"https:\/\/investx.fr\/de\/krypto-news\/trump-droht-klage-gegen-fed-praesidenten\/#primaryimage","url":"https:\/\/media.investx.fr\/wp-content\/uploads\/sites\/3\/2025\/08\/Donald-Trumpfile.jpeg","contentUrl":"https:\/\/media.investx.fr\/wp-content\/uploads\/sites\/3\/2025\/08\/Donald-Trumpfile.jpeg","width":840,"height":560,"caption":"Politician Donald Trump in casual attire."},{"@type":"BreadcrumbList","@id":"https:\/\/investx.fr\/de\/krypto-news\/trump-droht-klage-gegen-fed-praesidenten\/#breadcrumb","itemListElement":[{"@type":"ListItem","position":1,"name":"Home","item":"https:\/\/investx.fr\/de\/"},{"@type":"ListItem","position":2,"name":"Trump droht mit Klage gegen den Fed-Pr\u00e4sidenten!"}]},{"@type":"WebSite","@id":"https:\/\/investx.fr\/de\/#website","url":"https:\/\/investx.fr\/de\/","name":"InvestX \u2013 Krypto-News, Trading-Guide, Preisanalysen & Prognosen","description":"T\u00e4gliche Krypto-News und unbegrenzte Ressourcen zu Kryptow\u00e4hrungen, Trading, Blockchain, DeFi und mehr.","publisher":{"@id":"https:\/\/investx.fr\/de\/#organization"},"potentialAction":[{"@type":"SearchAction","target":{"@type":"EntryPoint","urlTemplate":"https:\/\/investx.fr\/de\/?s={search_term_string}"},"query-input":{"@type":"PropertyValueSpecification","valueRequired":true,"valueName":"search_term_string"}}],"inLanguage":"de"},{"@type":"Organization","@id":"https:\/\/investx.fr\/de\/#organization","name":"InvestX \u2013 Krypto-News, Trading-Guide, Preisanalysen & Prognosen","url":"https:\/\/investx.fr\/de\/","logo":{"@type":"ImageObject","inLanguage":"de","@id":"https:\/\/investx.fr\/de\/#\/schema\/logo\/image\/","url":"https:\/\/investx.fr\/de\/wp-content\/uploads\/sites\/3\/2025\/02\/investx_logo_tr.png","contentUrl":"https:\/\/investx.fr\/de\/wp-content\/uploads\/sites\/3\/2025\/02\/investx_logo_tr.png","width":1366,"height":768,"caption":"InvestX \u2013 Krypto-News, Trading-Guide, Preisanalysen & Prognosen"},"image":{"@id":"https:\/\/investx.fr\/de\/#\/schema\/logo\/image\/"}},{"@type":"Person","@id":"https:\/\/investx.fr\/de\/#\/schema\/person\/3e9bfe1c24e4cf00f46849f29bb29d7b","name":"Gaston Cuny","image":{"@type":"ImageObject","inLanguage":"de","@id":"https:\/\/investx.fr\/de\/#\/schema\/person\/image\/","url":"https:\/\/secure.gravatar.com\/avatar\/3ecfd898cec0afdef1c81277217654fe9b03df72f40203130079d91e92ebb321?s=96&d=mm&r=g","contentUrl":"https:\/\/secure.gravatar.com\/avatar\/3ecfd898cec0afdef1c81277217654fe9b03df72f40203130079d91e92ebb321?s=96&d=mm&r=g","caption":"Gaston Cuny"},"description":"Gaston est r\u00e9dacteur depuis plus de 7 ans et un grand passionn\u00e9 de cryptomonnaies depuis 2020. Il adore naviguer dans cet \u00e9cosyst\u00e8me et souhaite d\u00e9sormais partager ses connaissances et ses trouvailles via InvestX.","sameAs":["https:\/\/x.com\/Gaston_Cuny"],"url":"https:\/\/investx.fr\/de\/author\/gaston_cuny\/"}]}},"_links":{"self":[{"href":"https:\/\/investx.fr\/de\/wp-json\/wp\/v2\/posts\/22892","targetHints":{"allow":["GET"]}}],"collection":[{"href":"https:\/\/investx.fr\/de\/wp-json\/wp\/v2\/posts"}],"about":[{"href":"https:\/\/investx.fr\/de\/wp-json\/wp\/v2\/types\/post"}],"author":[{"embeddable":true,"href":"https:\/\/investx.fr\/de\/wp-json\/wp\/v2\/users\/40"}],"replies":[{"embeddable":true,"href":"https:\/\/investx.fr\/de\/wp-json\/wp\/v2\/comments?post=22892"}],"version-history":[{"count":1,"href":"https:\/\/investx.fr\/de\/wp-json\/wp\/v2\/posts\/22892\/revisions"}],"predecessor-version":[{"id":22896,"href":"https:\/\/investx.fr\/de\/wp-json\/wp\/v2\/posts\/22892\/revisions\/22896"}],"wp:featuredmedia":[{"embeddable":true,"href":"https:\/\/investx.fr\/de\/wp-json\/wp\/v2\/media\/22891"}],"wp:attachment":[{"href":"https:\/\/investx.fr\/de\/wp-json\/wp\/v2\/media?parent=22892"}],"wp:term":[{"taxonomy":"category","embeddable":true,"href":"https:\/\/investx.fr\/de\/wp-json\/wp\/v2\/categories?post=22892"},{"taxonomy":"post_tag","embeddable":true,"href":"https:\/\/investx.fr\/de\/wp-json\/wp\/v2\/tags?post=22892"}],"curies":[{"name":"wp","href":"https:\/\/api.w.org\/{rel}","templated":true}]}}