{"id":1199,"date":"2025-03-07T15:49:20","date_gmt":"2025-03-07T15:49:20","guid":{"rendered":"https:\/\/investx.fr\/es\/?p=1199"},"modified":"2025-03-07T15:49:21","modified_gmt":"2025-03-07T15:49:21","slug":"caso-ftx-sbf-actualiza-desde-carcel","status":"publish","type":"post","link":"https:\/\/investx.fr\/es\/noticias-cripto\/caso-ftx-sbf-actualiza-desde-carcel\/","title":{"rendered":"Caso FTX: SBF actualiza desde la c\u00e1rcel"},"content":{"rendered":"\n<h2 class=\"wp-block-heading\" class=\"wp-block-heading\" id=\"la-caida-estrepitosa-de-sam-bankman-fried\"><strong>La Ca\u00edda Estrepitosa de Sam Bankman-Fried<\/strong><\/h2>\n\n\n\n<p>SBF fue una de las figuras m\u00e1s influyentes en el mundo de las <a href=\"https:\/\/investx.fr\/es\/aprender-criptomonedas\/\">criptomonedas<\/a>, ascendiendo a la categor\u00eda de multimillonario y aclamado como el nuevo rostro de las finanzas descentralizadas.<\/p>\n\n\n\n<figure class=\"wp-block-embed is-type-rich is-provider-twitter wp-block-embed-twitter\"><div class=\"wp-block-embed__wrapper\">\n<blockquote class=\"twitter-tweet\" data-width=\"500\" data-dnt=\"true\"><p lang=\"en\" dir=\"ltr\">Sam Bankman-Fried is doing 25 years behind bars, and is now sharing a cell block with Diddy. He joins us from prison for an update on his new life.<br><br>(0:00) What Has Prison Been Like?<br>(2:28) Was SBF Ever on Adderall?<br>(4:42) SBF Meeting Diddy in Prison<br>(7:01) How Prison Has Changed\u2026 <a href=\"https:\/\/t.co\/mNSNktLibg\">pic.twitter.com\/mNSNktLibg<\/a><\/p>&mdash; Tucker Carlson (@TuckerCarlson) <a href=\"https:\/\/twitter.com\/TuckerCarlson\/status\/1897709140535132442?ref_src=twsrc%5Etfw\">March 6, 2025<\/a><\/blockquote><script async src=\"https:\/\/platform.twitter.com\/widgets.js\" charset=\"utf-8\"><\/script>\n<\/div><\/figure>\n\n\n\n<p>Hoy en d\u00eda, <strong>Sam Bankman-Fried<\/strong>, el fundador de la plataforma de intercambio FTX, se encuentra tras las rejas, acusado de <strong>fraude<\/strong> masivo y malversaci\u00f3n de fondos. En una entrevista exclusiva, revela los entresijos de su ca\u00edda, narrando las etapas de esta decadencia vertiginosa.<\/p>\n\n\n\n<p>Bankman-Fried reflexiona sobre las decisiones estrat\u00e9gicas que llevaron a la implosi\u00f3n de su imperio, incluyendo la fusi\u00f3n de los fondos de la bolsa FTX con los de su empresa hermana Alameda Research. Esta maniobra, denominada \u00ab<strong><em>confusi\u00f3n contable<\/em><\/strong>\u00bb por el ex CEO, precipit\u00f3 la debacle del grupo, ocasionando p\u00e9rdidas enormes para los inversores y clientes de la plataforma.<\/p>\n\n\n\n<blockquote class=\"wp-block-quote is-layout-flow wp-block-quote-is-layout-flow\">\n<p>\u00abHe cometido errores graves, lo reconozco. Pero nunca tuve la intenci\u00f3n de perjudicar deliberadamente a nadie. Simplemente subestim\u00e9 los riesgos y consecuencias de mis actos,\u00bb afirma, con la mirada llena de arrepentimiento.<\/p>\n<\/blockquote>\n\n\n\n<div class=\"wp-block-buttons is-layout-flex wp-block-buttons-is-layout-flex\">\n<div class=\"wp-block-button\"><a class=\"wp-block-button__link wp-element-button\" href=\"https:\/\/t.me\/+TNBX8ef96gdjMGFk\" target=\"_blank\" rel=\"noreferrer noopener nofollow\">\u00a1Con\u00e9ctate a nuestro Telegram con m\u00e1s de 100.000 miembros activos!<\/a><\/div>\n<\/div>\n\n\n\n<h2 class=\"wp-block-heading\" class=\"wp-block-heading\" id=\"una-leccion-para-toda-la-industria-cripto\"><strong>\u00bfUna lecci\u00f3n para toda la industria cripto?<\/strong><\/h2>\n\n\n\n<p>M\u00e1s all\u00e1 del destino personal de Bankman-Fried, este colapso resonante ha sacudido profundamente la <strong>confianza p\u00fablica<\/strong> en el ecosistema de las criptomonedas. \u00ab<em>Este evento ha puesto de manifiesto las graves deficiencias en nuestro sector en t\u00e9rminos de gobernanza, transparencia y control de riesgos,\u00bb<\/em> lamenta un experto del mercado cripto.<\/p>\n\n\n\n<p>De hecho, las revelaciones sobre pr\u00e1cticas opacas y conflictos de inter\u00e9s en FTX y Alameda han generado numerosas dudas sobre la <strong>fiabilidad y seguridad<\/strong> de los <a href=\"https:\/\/investx.fr\/es\/invertir-criptomonedas\/\">exchanges cripto<\/a>. \u00ab<em>Es una lecci\u00f3n amarga pero necesaria para toda la industria. Debemos aprender de esta debacle y establecer controles s\u00f3lidos para restaurar la confianza de los inversores,\u00bb<\/em> argumenta un analista reconocido.<\/p>\n\n\n\n<p>A pesar de los da\u00f1os considerables causados, algunos observadores creen que este evento podr\u00eda acelerar parad\u00f3jicamente la transformaci\u00f3n y maduraci\u00f3n del sector de las criptomonedas. \u00ab<em>La ca\u00edda de FTX ha resaltado la urgente necesidad de fortalecer la regulaci\u00f3n, mejorar los controles y promover una gobernanza intachable. Es una oportunidad \u00fanica para hacer evolucionar la industria hacia una mayor transparencia y responsabilidad,\u00bb<\/em> destaca un experto en finanzas descentralizadas.<\/p>\n\n\n\n<figure class=\"wp-block-embed is-type-rich is-provider-twitter wp-block-embed-twitter\"><div class=\"wp-block-embed__wrapper\">\n<blockquote class=\"twitter-tweet\" data-width=\"500\" data-dnt=\"true\"><p lang=\"en\" dir=\"ltr\">Pretty obvious that they\u2019re running the \u201cget a pardon\u201d playbook for SBF.<br><br>First comes out of nowhere tweeting about government jobs, then shows up on Tucker Carlson from prison\u2026next probably see\/hear something about his parents buddying up with one of the blockchain lobbyists\u2026<\/p>&mdash; IcoBeast.eth\ud83e\udd87\ud83d\udd0a (@beast_ico) <a href=\"https:\/\/twitter.com\/beast_ico\/status\/1897726978737783016?ref_src=twsrc%5Etfw\">March 6, 2025<\/a><\/blockquote><script async src=\"https:\/\/platform.twitter.com\/widgets.js\" charset=\"utf-8\"><\/script>\n<\/div><\/figure>\n\n\n\n<p>M\u00e1s all\u00e1 del destino de Sam Bankman-Fried, toda la cripto est\u00e1 llamada a reinventarse para ganar en madurez y credibilidad ante el gran p\u00fablico. Un giro que podr\u00eda lograrse mediante la adopci\u00f3n en los Estados Unidos y la creaci\u00f3n de Reservas estrat\u00e9gicas cripto. Entonces, \u00bfcon la llegada de Donald Trump, SBF podr\u00eda ser liberado?<\/p>\n\n\n\n<div class=\"wp-block-buttons is-layout-flex wp-block-buttons-is-layout-flex\">\n<div class=\"wp-block-button\"><a class=\"wp-block-button__link wp-element-button\" href=\"https:\/\/bonus.bitget.com\/SEO\" target=\"_blank\" rel=\"noreferrer noopener nofollow\">Descubre el exchange Bitget y recibe un bono en tu primera compra<\/a><\/div>\n<\/div>\n\n\n\n<p><strong>En el mismo tema:<\/strong><\/p>\n\n\n\n<ul class=\"wp-block-list\">\n<li><a href=\"https:\/\/investx.fr\/es\/noticias-cripto\/elixir-llega-launchpool-bitget-como-comprar-elx-espana\/\">\u00a1Elixir llega al launchpool de Bitget: c\u00f3mo comprar ELX en Espa\u00f1a!<\/a><\/li>\n\n\n\n<li><a href=\"https:\/\/investx.fr\/es\/noticias-cripto\/bitcoin-cae-debajo-90-000-pese-reserva-estrategica-ee-uu\/\">El Bitcoin cae por debajo de los 90.000 $ pese a la creaci\u00f3n de una reserva estrat\u00e9gica en EE. UU.<\/a><\/li>\n\n\n\n<li><a href=\"https:\/\/investx.fr\/es\/noticias-cripto\/precio-hedera-hbar-podria-caer-proximas-horas\/\">\u00bfPor qu\u00e9 el precio de Hedera (HBAR) podr\u00eda caer en las pr\u00f3ximas horas?<\/a><\/li>\n<\/ul>\n","protected":false},"excerpt":{"rendered":"<p>Sam Bankman-Fried (SBF), protagonista del mayor esc\u00e1ndalo de la historia de la criptoesfera con FTX, ha concedido una entrevista exclusiva desde su celda. Una mirada \u00fanica a los entresijos de un colapso resonante que ha sacudido todo un sector.<\/p>\n","protected":false},"author":32,"featured_media":1204,"comment_status":"closed","ping_status":"open","sticky":false,"template":"","format":"standard","meta":{"_acf_changed":false,"_yoast_wpseo_focuskw":"sbf","_yoast_wpseo_title":"Caso FTX: SBF actualiza desde la c\u00e1rcel.","_yoast_wpseo_metadesc":"Sam Bankman-Fried (SBF), el pol\u00e9mico fundador de FTX, revela detalles sobre su experiencia en prisi\u00f3n en una entrevista exclusiva.","footnotes":"","faq_titre":"","questions_frequentes":"","custom_permalink":""},"categories":[15,10],"tags":[],"class_list":["post-1199","post","type-post","status-publish","format-standard","has-post-thumbnail","hentry","category-exchanges","category-noticias-cripto"],"acf":[],"yoast_head":"<!-- This site is optimized with the Yoast SEO plugin v26.4 - https:\/\/yoast.com\/wordpress\/plugins\/seo\/ -->\n<title>Caso FTX: SBF actualiza desde la c\u00e1rcel.<\/title>\n<meta name=\"description\" content=\"Sam Bankman-Fried (SBF), el pol\u00e9mico fundador de FTX, revela detalles sobre su experiencia en prisi\u00f3n en una entrevista exclusiva.\" \/>\n<meta name=\"robots\" content=\"index, follow, max-snippet:-1, max-image-preview:large, max-video-preview:-1\" \/>\n<link rel=\"canonical\" href=\"https:\/\/investx.fr\/es\/noticias-cripto\/caso-ftx-sbf-actualiza-desde-carcel\/\" \/>\n<meta property=\"og:locale\" content=\"es_ES\" \/>\n<meta property=\"og:type\" content=\"article\" \/>\n<meta property=\"og:title\" content=\"Caso FTX: SBF actualiza desde la c\u00e1rcel.\" \/>\n<meta property=\"og:description\" content=\"Sam Bankman-Fried (SBF), el pol\u00e9mico fundador de FTX, revela detalles sobre su experiencia en prisi\u00f3n en una entrevista exclusiva.\" \/>\n<meta property=\"og:site_name\" content=\"InvestX \u2013 Noticias Cripto, Gu\u00eda de Trading, An\u00e1lisis de Precios y Pron\u00f3sticos\" \/>\n<meta property=\"article:published_time\" content=\"2025-03-07T15:49:20+00:00\" \/>\n<meta property=\"article:modified_time\" content=\"2025-03-07T15:49:21+00:00\" \/>\n<meta property=\"og:image\" content=\"https:\/\/investx.fr\/es\/wp-content\/uploads\/sites\/4\/2025\/03\/laction-des-prix-de-cardano-et-les-niveaux-a-venir-2025-03-07-t090624.jpeg\" \/>\n\t<meta property=\"og:image:width\" content=\"840\" \/>\n\t<meta property=\"og:image:height\" content=\"560\" \/>\n\t<meta property=\"og:image:type\" content=\"image\/jpeg\" \/>\n<meta name=\"author\" content=\"Charles Ledoux\" \/>\n<meta name=\"twitter:card\" content=\"summary_large_image\" \/>\n<meta name=\"twitter:creator\" content=\"@charl3li\" \/>\n<meta name=\"twitter:label1\" content=\"Escrito por\" \/>\n\t<meta name=\"twitter:data1\" content=\"Charles Ledoux\" \/>\n\t<meta name=\"twitter:label2\" content=\"Tiempo de lectura\" \/>\n\t<meta name=\"twitter:data2\" content=\"3 minutos\" \/>\n<script type=\"application\/ld+json\" class=\"yoast-schema-graph\">{\"@context\":\"https:\/\/schema.org\",\"@graph\":[{\"@type\":\"Article\",\"@id\":\"https:\/\/investx.fr\/es\/noticias-cripto\/caso-ftx-sbf-actualiza-desde-carcel\/#article\",\"isPartOf\":{\"@id\":\"https:\/\/investx.fr\/es\/noticias-cripto\/caso-ftx-sbf-actualiza-desde-carcel\/\"},\"author\":{\"name\":\"Charles Ledoux\",\"@id\":\"https:\/\/investx.fr\/es\/#\/schema\/person\/a99817b9d097ee5a69e24946de94c23a\"},\"headline\":\"Caso FTX: SBF actualiza desde la c\u00e1rcel\",\"datePublished\":\"2025-03-07T15:49:20+00:00\",\"dateModified\":\"2025-03-07T15:49:21+00:00\",\"mainEntityOfPage\":{\"@id\":\"https:\/\/investx.fr\/es\/noticias-cripto\/caso-ftx-sbf-actualiza-desde-carcel\/\"},\"wordCount\":531,\"publisher\":{\"@id\":\"https:\/\/investx.fr\/es\/#organization\"},\"image\":{\"@id\":\"https:\/\/investx.fr\/es\/noticias-cripto\/caso-ftx-sbf-actualiza-desde-carcel\/#primaryimage\"},\"thumbnailUrl\":\"https:\/\/media.investx.fr\/wp-content\/uploads\/sites\/4\/2025\/03\/laction-des-prix-de-cardano-et-les-niveaux-a-venir-2025-03-07-t090624.jpeg\",\"articleSection\":[\"Exchanges\",\"Noticias\"],\"inLanguage\":\"es\",\"copyrightYear\":\"2025\",\"copyrightHolder\":{\"@id\":\"https:\/\/investx.fr\/#organization\"}},{\"@type\":\"WebPage\",\"@id\":\"https:\/\/investx.fr\/es\/noticias-cripto\/caso-ftx-sbf-actualiza-desde-carcel\/\",\"url\":\"https:\/\/investx.fr\/es\/noticias-cripto\/caso-ftx-sbf-actualiza-desde-carcel\/\",\"name\":\"Caso FTX: SBF actualiza desde la c\u00e1rcel.\",\"isPartOf\":{\"@id\":\"https:\/\/investx.fr\/es\/#website\"},\"primaryImageOfPage\":{\"@id\":\"https:\/\/investx.fr\/es\/noticias-cripto\/caso-ftx-sbf-actualiza-desde-carcel\/#primaryimage\"},\"image\":{\"@id\":\"https:\/\/investx.fr\/es\/noticias-cripto\/caso-ftx-sbf-actualiza-desde-carcel\/#primaryimage\"},\"thumbnailUrl\":\"https:\/\/media.investx.fr\/wp-content\/uploads\/sites\/4\/2025\/03\/laction-des-prix-de-cardano-et-les-niveaux-a-venir-2025-03-07-t090624.jpeg\",\"datePublished\":\"2025-03-07T15:49:20+00:00\",\"dateModified\":\"2025-03-07T15:49:21+00:00\",\"description\":\"Sam Bankman-Fried (SBF), el pol\u00e9mico fundador de FTX, revela detalles sobre su experiencia en prisi\u00f3n en una entrevista exclusiva.\",\"breadcrumb\":{\"@id\":\"https:\/\/investx.fr\/es\/noticias-cripto\/caso-ftx-sbf-actualiza-desde-carcel\/#breadcrumb\"},\"inLanguage\":\"es\",\"potentialAction\":[{\"@type\":\"ReadAction\",\"target\":[\"https:\/\/investx.fr\/es\/noticias-cripto\/caso-ftx-sbf-actualiza-desde-carcel\/\"]}]},{\"@type\":\"ImageObject\",\"inLanguage\":\"es\",\"@id\":\"https:\/\/investx.fr\/es\/noticias-cripto\/caso-ftx-sbf-actualiza-desde-carcel\/#primaryimage\",\"url\":\"https:\/\/media.investx.fr\/wp-content\/uploads\/sites\/4\/2025\/03\/laction-des-prix-de-cardano-et-les-niveaux-a-venir-2025-03-07-t090624.jpeg\",\"contentUrl\":\"https:\/\/media.investx.fr\/wp-content\/uploads\/sites\/4\/2025\/03\/laction-des-prix-de-cardano-et-les-niveaux-a-venir-2025-03-07-t090624.jpeg\",\"width\":840,\"height\":560,\"caption\":\"caso sbf ftx\"},{\"@type\":\"BreadcrumbList\",\"@id\":\"https:\/\/investx.fr\/es\/noticias-cripto\/caso-ftx-sbf-actualiza-desde-carcel\/#breadcrumb\",\"itemListElement\":[{\"@type\":\"ListItem\",\"position\":1,\"name\":\"Home\",\"item\":\"https:\/\/investx.fr\/es\/\"},{\"@type\":\"ListItem\",\"position\":2,\"name\":\"Caso FTX: SBF actualiza desde la c\u00e1rcel\"}]},{\"@type\":\"WebSite\",\"@id\":\"https:\/\/investx.fr\/es\/#website\",\"url\":\"https:\/\/investx.fr\/es\/\",\"name\":\"InvestX \u2013 Noticias Cripto, Gu\u00eda de Trading, An\u00e1lisis de Precios y Pron\u00f3sticos\",\"description\":\"Noticias cripto diarias y recursos ilimitados sobre criptomonedas, trading, blockchain, DeFi y m\u00e1s.\",\"publisher\":{\"@id\":\"https:\/\/investx.fr\/es\/#organization\"},\"potentialAction\":[{\"@type\":\"SearchAction\",\"target\":{\"@type\":\"EntryPoint\",\"urlTemplate\":\"https:\/\/investx.fr\/es\/?s={search_term_string}\"},\"query-input\":{\"@type\":\"PropertyValueSpecification\",\"valueRequired\":true,\"valueName\":\"search_term_string\"}}],\"inLanguage\":\"es\"},{\"@type\":\"Organization\",\"@id\":\"https:\/\/investx.fr\/es\/#organization\",\"name\":\"InvestX \u2013 Noticias Cripto, Gu\u00eda de Trading, An\u00e1lisis de Precios y Pron\u00f3sticos\",\"url\":\"https:\/\/investx.fr\/es\/\",\"logo\":{\"@type\":\"ImageObject\",\"inLanguage\":\"es\",\"@id\":\"https:\/\/investx.fr\/es\/#\/schema\/logo\/image\/\",\"url\":\"https:\/\/investx.fr\/es\/wp-content\/uploads\/sites\/4\/2025\/02\/investx_logo_tr.png\",\"contentUrl\":\"https:\/\/investx.fr\/es\/wp-content\/uploads\/sites\/4\/2025\/02\/investx_logo_tr.png\",\"width\":1366,\"height\":768,\"caption\":\"InvestX \u2013 Noticias Cripto, Gu\u00eda de Trading, An\u00e1lisis de Precios y Pron\u00f3sticos\"},\"image\":{\"@id\":\"https:\/\/investx.fr\/es\/#\/schema\/logo\/image\/\"}},{\"@type\":\"Person\",\"@id\":\"https:\/\/investx.fr\/es\/#\/schema\/person\/a99817b9d097ee5a69e24946de94c23a\",\"name\":\"Charles Ledoux\",\"image\":{\"@type\":\"ImageObject\",\"inLanguage\":\"es\",\"@id\":\"https:\/\/investx.fr\/es\/#\/schema\/person\/image\/\",\"url\":\"https:\/\/secure.gravatar.com\/avatar\/47d3a48e5bca34238d22886640ecc684e7dd54ad63c435f7005f6b5a1e0ddf8c?s=96&d=mm&r=g\",\"contentUrl\":\"https:\/\/secure.gravatar.com\/avatar\/47d3a48e5bca34238d22886640ecc684e7dd54ad63c435f7005f6b5a1e0ddf8c?s=96&d=mm&r=g\",\"caption\":\"Charles Ledoux\"},\"description\":\"Je suis un analyste sp\u00e9cialis\u00e9 dans les blockchains L1 et leurs fondamentaux comme Bitcoin, Kaspa, Monero, Chainlink ou encore Solana. Je suis \u00e9galement form\u00e9 au trading et \u00e0 l\u2019analyse technique depuis plus d\u2019un an sur le march\u00e9 des cryptomonnaies, mais \u00e9galement sur le forex et les m\u00e9taux pr\u00e9cieux comme l\u2019or ou le silver. J\u2019ai obtenu un dipl\u00f4me de la Crypto Academy sur les fondamentaux techniques du Bitcoin et poss\u00e8de une exp\u00e9rience de plus de 5 ans dans le journalisme et l\u2019\u00e9criture d\u2019articles p\u00e9dagogiques. J\u2019ai notamment \u00e9crit de nombreuses masterclass pour \u00e9duquer les nouveaux venus dans l'industrie et plus de 10 000 articles et news.J\u2019ai \u00e9galement pu interviewer de nombreux fondateurs et cr\u00e9ateurs de projets dans la crypto comme Marc Lebreton (chef marketing de la blockchain SUI), EJ Ayala (Coinbase US et Draftkings), et d\u2019autres projets comme Polyhedra (Eric Vreeland), Usual (Adli Takkal Bataille), ou encore Humanity Protocol (Jade Gu). J\u2019ai plong\u00e9 dans la cryptomonnaie il y a plus de 3 ans et continue de mettre tout en \u0153uvre pour fournir du contenu de qualit\u00e9, avec de l\u2019expertise et la neutralit\u00e9 attendue d\u2019un journaliste. Retrouvez moi aussi sur X pour des analyses et sur Linkedin pour me contacter.\",\"sameAs\":[\"https:\/\/www.linkedin.com\/in\/charles-ledoux-508392239\/\",\"https:\/\/x.com\/charl3li\"],\"url\":\"https:\/\/investx.fr\/es\/author\/charles-ledoux\/\"}]}<\/script>\n<!-- \/ Yoast SEO plugin. -->","yoast_head_json":{"title":"Caso FTX: SBF actualiza desde la c\u00e1rcel.","description":"Sam Bankman-Fried (SBF), el pol\u00e9mico fundador de FTX, revela detalles sobre su experiencia en prisi\u00f3n en una entrevista exclusiva.","robots":{"index":"index","follow":"follow","max-snippet":"max-snippet:-1","max-image-preview":"max-image-preview:large","max-video-preview":"max-video-preview:-1"},"canonical":"https:\/\/investx.fr\/es\/noticias-cripto\/caso-ftx-sbf-actualiza-desde-carcel\/","og_locale":"es_ES","og_type":"article","og_title":"Caso FTX: SBF actualiza desde la c\u00e1rcel.","og_description":"Sam Bankman-Fried (SBF), el pol\u00e9mico fundador de FTX, revela detalles sobre su experiencia en prisi\u00f3n en una entrevista exclusiva.","og_site_name":"InvestX \u2013 Noticias Cripto, Gu\u00eda de Trading, An\u00e1lisis de Precios y Pron\u00f3sticos","article_published_time":"2025-03-07T15:49:20+00:00","article_modified_time":"2025-03-07T15:49:21+00:00","og_image":[{"width":840,"height":560,"url":"https:\/\/investx.fr\/es\/wp-content\/uploads\/sites\/4\/2025\/03\/laction-des-prix-de-cardano-et-les-niveaux-a-venir-2025-03-07-t090624.jpeg","type":"image\/jpeg"}],"author":"Charles Ledoux","twitter_card":"summary_large_image","twitter_creator":"@charl3li","twitter_misc":{"Escrito por":"Charles Ledoux","Tiempo de lectura":"3 minutos"},"schema":{"@context":"https:\/\/schema.org","@graph":[{"@type":"Article","@id":"https:\/\/investx.fr\/es\/noticias-cripto\/caso-ftx-sbf-actualiza-desde-carcel\/#article","isPartOf":{"@id":"https:\/\/investx.fr\/es\/noticias-cripto\/caso-ftx-sbf-actualiza-desde-carcel\/"},"author":{"name":"Charles Ledoux","@id":"https:\/\/investx.fr\/es\/#\/schema\/person\/a99817b9d097ee5a69e24946de94c23a"},"headline":"Caso FTX: SBF actualiza desde la c\u00e1rcel","datePublished":"2025-03-07T15:49:20+00:00","dateModified":"2025-03-07T15:49:21+00:00","mainEntityOfPage":{"@id":"https:\/\/investx.fr\/es\/noticias-cripto\/caso-ftx-sbf-actualiza-desde-carcel\/"},"wordCount":531,"publisher":{"@id":"https:\/\/investx.fr\/es\/#organization"},"image":{"@id":"https:\/\/investx.fr\/es\/noticias-cripto\/caso-ftx-sbf-actualiza-desde-carcel\/#primaryimage"},"thumbnailUrl":"https:\/\/media.investx.fr\/wp-content\/uploads\/sites\/4\/2025\/03\/laction-des-prix-de-cardano-et-les-niveaux-a-venir-2025-03-07-t090624.jpeg","articleSection":["Exchanges","Noticias"],"inLanguage":"es","copyrightYear":"2025","copyrightHolder":{"@id":"https:\/\/investx.fr\/#organization"}},{"@type":"WebPage","@id":"https:\/\/investx.fr\/es\/noticias-cripto\/caso-ftx-sbf-actualiza-desde-carcel\/","url":"https:\/\/investx.fr\/es\/noticias-cripto\/caso-ftx-sbf-actualiza-desde-carcel\/","name":"Caso FTX: SBF actualiza desde la c\u00e1rcel.","isPartOf":{"@id":"https:\/\/investx.fr\/es\/#website"},"primaryImageOfPage":{"@id":"https:\/\/investx.fr\/es\/noticias-cripto\/caso-ftx-sbf-actualiza-desde-carcel\/#primaryimage"},"image":{"@id":"https:\/\/investx.fr\/es\/noticias-cripto\/caso-ftx-sbf-actualiza-desde-carcel\/#primaryimage"},"thumbnailUrl":"https:\/\/media.investx.fr\/wp-content\/uploads\/sites\/4\/2025\/03\/laction-des-prix-de-cardano-et-les-niveaux-a-venir-2025-03-07-t090624.jpeg","datePublished":"2025-03-07T15:49:20+00:00","dateModified":"2025-03-07T15:49:21+00:00","description":"Sam Bankman-Fried (SBF), el pol\u00e9mico fundador de FTX, revela detalles sobre su experiencia en prisi\u00f3n en una entrevista exclusiva.","breadcrumb":{"@id":"https:\/\/investx.fr\/es\/noticias-cripto\/caso-ftx-sbf-actualiza-desde-carcel\/#breadcrumb"},"inLanguage":"es","potentialAction":[{"@type":"ReadAction","target":["https:\/\/investx.fr\/es\/noticias-cripto\/caso-ftx-sbf-actualiza-desde-carcel\/"]}]},{"@type":"ImageObject","inLanguage":"es","@id":"https:\/\/investx.fr\/es\/noticias-cripto\/caso-ftx-sbf-actualiza-desde-carcel\/#primaryimage","url":"https:\/\/media.investx.fr\/wp-content\/uploads\/sites\/4\/2025\/03\/laction-des-prix-de-cardano-et-les-niveaux-a-venir-2025-03-07-t090624.jpeg","contentUrl":"https:\/\/media.investx.fr\/wp-content\/uploads\/sites\/4\/2025\/03\/laction-des-prix-de-cardano-et-les-niveaux-a-venir-2025-03-07-t090624.jpeg","width":840,"height":560,"caption":"caso sbf ftx"},{"@type":"BreadcrumbList","@id":"https:\/\/investx.fr\/es\/noticias-cripto\/caso-ftx-sbf-actualiza-desde-carcel\/#breadcrumb","itemListElement":[{"@type":"ListItem","position":1,"name":"Home","item":"https:\/\/investx.fr\/es\/"},{"@type":"ListItem","position":2,"name":"Caso FTX: SBF actualiza desde la c\u00e1rcel"}]},{"@type":"WebSite","@id":"https:\/\/investx.fr\/es\/#website","url":"https:\/\/investx.fr\/es\/","name":"InvestX \u2013 Noticias Cripto, Gu\u00eda de Trading, An\u00e1lisis de Precios y Pron\u00f3sticos","description":"Noticias cripto diarias y recursos ilimitados sobre criptomonedas, trading, blockchain, DeFi y m\u00e1s.","publisher":{"@id":"https:\/\/investx.fr\/es\/#organization"},"potentialAction":[{"@type":"SearchAction","target":{"@type":"EntryPoint","urlTemplate":"https:\/\/investx.fr\/es\/?s={search_term_string}"},"query-input":{"@type":"PropertyValueSpecification","valueRequired":true,"valueName":"search_term_string"}}],"inLanguage":"es"},{"@type":"Organization","@id":"https:\/\/investx.fr\/es\/#organization","name":"InvestX \u2013 Noticias Cripto, Gu\u00eda de Trading, An\u00e1lisis de Precios y Pron\u00f3sticos","url":"https:\/\/investx.fr\/es\/","logo":{"@type":"ImageObject","inLanguage":"es","@id":"https:\/\/investx.fr\/es\/#\/schema\/logo\/image\/","url":"https:\/\/investx.fr\/es\/wp-content\/uploads\/sites\/4\/2025\/02\/investx_logo_tr.png","contentUrl":"https:\/\/investx.fr\/es\/wp-content\/uploads\/sites\/4\/2025\/02\/investx_logo_tr.png","width":1366,"height":768,"caption":"InvestX \u2013 Noticias Cripto, Gu\u00eda de Trading, An\u00e1lisis de Precios y Pron\u00f3sticos"},"image":{"@id":"https:\/\/investx.fr\/es\/#\/schema\/logo\/image\/"}},{"@type":"Person","@id":"https:\/\/investx.fr\/es\/#\/schema\/person\/a99817b9d097ee5a69e24946de94c23a","name":"Charles Ledoux","image":{"@type":"ImageObject","inLanguage":"es","@id":"https:\/\/investx.fr\/es\/#\/schema\/person\/image\/","url":"https:\/\/secure.gravatar.com\/avatar\/47d3a48e5bca34238d22886640ecc684e7dd54ad63c435f7005f6b5a1e0ddf8c?s=96&d=mm&r=g","contentUrl":"https:\/\/secure.gravatar.com\/avatar\/47d3a48e5bca34238d22886640ecc684e7dd54ad63c435f7005f6b5a1e0ddf8c?s=96&d=mm&r=g","caption":"Charles Ledoux"},"description":"Je suis un analyste sp\u00e9cialis\u00e9 dans les blockchains L1 et leurs fondamentaux comme Bitcoin, Kaspa, Monero, Chainlink ou encore Solana. Je suis \u00e9galement form\u00e9 au trading et \u00e0 l\u2019analyse technique depuis plus d\u2019un an sur le march\u00e9 des cryptomonnaies, mais \u00e9galement sur le forex et les m\u00e9taux pr\u00e9cieux comme l\u2019or ou le silver. J\u2019ai obtenu un dipl\u00f4me de la Crypto Academy sur les fondamentaux techniques du Bitcoin et poss\u00e8de une exp\u00e9rience de plus de 5 ans dans le journalisme et l\u2019\u00e9criture d\u2019articles p\u00e9dagogiques. J\u2019ai notamment \u00e9crit de nombreuses masterclass pour \u00e9duquer les nouveaux venus dans l'industrie et plus de 10 000 articles et news.J\u2019ai \u00e9galement pu interviewer de nombreux fondateurs et cr\u00e9ateurs de projets dans la crypto comme Marc Lebreton (chef marketing de la blockchain SUI), EJ Ayala (Coinbase US et Draftkings), et d\u2019autres projets comme Polyhedra (Eric Vreeland), Usual (Adli Takkal Bataille), ou encore Humanity Protocol (Jade Gu). J\u2019ai plong\u00e9 dans la cryptomonnaie il y a plus de 3 ans et continue de mettre tout en \u0153uvre pour fournir du contenu de qualit\u00e9, avec de l\u2019expertise et la neutralit\u00e9 attendue d\u2019un journaliste. Retrouvez moi aussi sur X pour des analyses et sur Linkedin pour me contacter.","sameAs":["https:\/\/www.linkedin.com\/in\/charles-ledoux-508392239\/","https:\/\/x.com\/charl3li"],"url":"https:\/\/investx.fr\/es\/author\/charles-ledoux\/"}]}},"_links":{"self":[{"href":"https:\/\/investx.fr\/es\/wp-json\/wp\/v2\/posts\/1199","targetHints":{"allow":["GET"]}}],"collection":[{"href":"https:\/\/investx.fr\/es\/wp-json\/wp\/v2\/posts"}],"about":[{"href":"https:\/\/investx.fr\/es\/wp-json\/wp\/v2\/types\/post"}],"author":[{"embeddable":true,"href":"https:\/\/investx.fr\/es\/wp-json\/wp\/v2\/users\/32"}],"replies":[{"embeddable":true,"href":"https:\/\/investx.fr\/es\/wp-json\/wp\/v2\/comments?post=1199"}],"version-history":[{"count":2,"href":"https:\/\/investx.fr\/es\/wp-json\/wp\/v2\/posts\/1199\/revisions"}],"predecessor-version":[{"id":1203,"href":"https:\/\/investx.fr\/es\/wp-json\/wp\/v2\/posts\/1199\/revisions\/1203"}],"wp:featuredmedia":[{"embeddable":true,"href":"https:\/\/investx.fr\/es\/wp-json\/wp\/v2\/media\/1204"}],"wp:attachment":[{"href":"https:\/\/investx.fr\/es\/wp-json\/wp\/v2\/media?parent=1199"}],"wp:term":[{"taxonomy":"category","embeddable":true,"href":"https:\/\/investx.fr\/es\/wp-json\/wp\/v2\/categories?post=1199"},{"taxonomy":"post_tag","embeddable":true,"href":"https:\/\/investx.fr\/es\/wp-json\/wp\/v2\/tags?post=1199"}],"curies":[{"name":"wp","href":"https:\/\/api.w.org\/{rel}","templated":true}]}}