{"id":13432,"date":"2025-08-09T11:36:08","date_gmt":"2025-08-09T11:36:08","guid":{"rendered":"https:\/\/investx.fr\/es\/?p=13432"},"modified":"2025-08-09T11:36:09","modified_gmt":"2025-08-09T11:36:09","slug":"como-afectaria-mercado-criptomonedas-etf-sol-blackrock","status":"publish","type":"post","link":"https:\/\/investx.fr\/es\/noticias-cripto\/como-afectaria-mercado-criptomonedas-etf-sol-blackrock\/","title":{"rendered":"\u00bfC\u00f3mo afectar\u00eda al mercado de criptomonedas la llegada de un ETF SOL de BlackRock?"},"content":{"rendered":"\n<h2 class=\"wp-block-heading\" class=\"wp-block-heading\" id=\"un-gigante-que-irrumpe-en-el-mercado-de-los-etf-sol\">Un gigante que irrumpe en el mercado de los ETF SOL<\/h2>\n\n\n\n<p>Desde junio de 2022, actores como <strong>VanEck, Bitwise, Grayscale o Invesco<\/strong> han presentado oficialmente sus proyectos de <strong>ETF <a href=\"https:\/\/investx.fr\/es\/aprender-criptomonedas\/cripto\/solana\/\">Solana<\/a><\/strong> (SOL) a la autoridad burs\u00e1til estadounidense. Despu\u00e9s de meses de trabajo intenso para obtener las autorizaciones necesarias, la llegada de <strong>BlackRock<\/strong> como \u00ab\u00faltimo recurso\u00bb plantea interrogantes.<\/p>\n\n\n\n<figure class=\"wp-block-image\"><img decoding=\"async\" src=\"https:\/\/media.investx.fr\/wp-content\/uploads\/sites\/4\/2025\/08\/image-46-1.jpg\" alt=\"imagen de los dep\u00f3sitos de etf crypto sol\" \/><\/figure>\n\n\n\n<p><strong><em>\u00abEs insalubre\u00bb<\/em><\/strong>, ha reaccionado James Seyffart, analista de ETF, lamentando que el gigante pueda cortocircuitar los esfuerzos de estas compa\u00f1\u00edas m\u00e1s modestas. Seg\u00fan \u00e9l, BlackRock <strong>no deber\u00eda estar autorizado<\/strong> a lanzar su producto al mismo tiempo que sus competidores.<\/p>\n\n\n\n<div class=\"wp-block-buttons is-layout-flex wp-block-buttons-is-layout-flex\">\n<div class=\"wp-block-button\"><a class=\"wp-block-button__link wp-element-button\" href=\"https:\/\/t.me\/+TNBX8ef96gdjMGFk\" target=\"_blank\" rel=\"noreferrer noopener nofollow\">Siguenos para an\u00e1lisis, alertas y las \u00faltimas tendencias cripto<\/a><\/div>\n<\/div>\n\n\n\n<h2 class=\"wp-block-heading\" class=\"wp-block-heading\" id=\"una-estrategia-de-esperar-y-observar\">\u00bfUna estrategia de esperar y observar?<\/h2>\n\n\n\n<p>En lugar de precipitarse en el mercado emergente de los ETF <a href=\"https:\/\/investx.fr\/es\/invertir-criptomonedas\/comprar\/solana\/\">Solana<\/a>, BlackRock podr\u00eda adoptar un <strong>enfoque m\u00e1s prudente<\/strong>. El analista Nate Geraci piensa que el grupo podr\u00eda optar por <strong>esperar<\/strong> a que los dem\u00e1s lancen sus productos primero, con el fin de <strong>evaluar la demanda<\/strong> real de los inversores.<\/p>\n\n\n\n<figure class=\"wp-block-embed is-type-rich is-provider-twitter wp-block-embed-twitter\"><div class=\"wp-block-embed__wrapper\">\n<blockquote class=\"twitter-tweet\" data-width=\"500\" data-dnt=\"true\"><p lang=\"en\" dir=\"ltr\">BlackRock immediately calls me out\u2026<br><br>Says *no* plans at this time to launch spot xrp (or sol) ETF.<br><br>IMO, this will be looked back on as a mistake.<br><br>We shall see.<br><br>via <a href=\"https:\/\/twitter.com\/ForTheWynn_?ref_src=twsrc%5Etfw\">@ForTheWynn_<\/a> <a href=\"https:\/\/t.co\/9nQaA3ZYDO\">pic.twitter.com\/9nQaA3ZYDO<\/a><\/p>&mdash; Nate Geraci (@NateGeraci) <a href=\"https:\/\/twitter.com\/NateGeraci\/status\/1953890238658490462?ref_src=twsrc%5Etfw\">August 8, 2025<\/a><\/blockquote><script async src=\"https:\/\/platform.twitter.com\/widgets.js\" charset=\"utf-8\"><\/script>\n<\/div><\/figure>\n\n\n\n<p><em>\u00abSi ven que la demanda es fuerte, simplemente podr\u00e1n llegar y llevarse el premio\u00bb<\/em>, subraya. BlackRock tambi\u00e9n podr\u00eda centrarse en un ETF de <strong>\u00edndice cripto<\/strong>, incluyendo Solana junto a otros activos digitales.<\/p>\n\n\n\n<p>Aunque la llegada de BlackRock pueda <strong>perturbar el equilibrio<\/strong> competitivo, los expertos estiman que su impacto seguir\u00e1 siendo limitado. Actualmente, <a href=\"https:\/\/investx.fr\/es\/invertir-criptomonedas\/comprar\/bitcoin\/\">Bitcoin<\/a> y <a href=\"https:\/\/investx.fr\/es\/invertir-criptomonedas\/comprar\/ethereum\/\">Ethereum<\/a> representan cerca del <strong>90%<\/strong> de la capitalizaci\u00f3n total del mercado cripto.<\/p>\n\n\n\n<p>As\u00ed, incluso si BlackRock decidiera no lanzarse, esto no deber\u00eda alterar fundamentalmente la situaci\u00f3n para el resto del mercado. La demanda de productos indexados diversificados sigue presente, ofreciendo nuevas oportunidades a los inversores.<\/p>\n\n\n\n<div class=\"wp-block-buttons is-layout-flex wp-block-buttons-is-layout-flex\">\n<div class=\"wp-block-button\"><a class=\"wp-block-button__link wp-element-button\" href=\"https:\/\/investx.fr\/go-bitget\" target=\"_blank\" rel=\"noreferrer noopener nofollow\">\u00a1Compra SOL en Bitget y gana 10 d\u00f3lares!<\/a><\/div>\n<\/div>\n\n\n\n<p><strong>En el mismo tema:<\/strong><\/p>\n\n\n\n<ul class=\"wp-block-list\">\n<li><a href=\"https:\/\/investx.fr\/es\/noticias-cripto\/por-que-cardano-podria-liderar-mercado-cripto-2025\/\">\u00bfPor qu\u00e9 Cardano podr\u00eda liderar el mercado cripto en 2025?<\/a><\/li>\n\n\n\n<li><a href=\"https:\/\/investx.fr\/es\/noticias-cripto\/por-que-xlm-podria-duplicar-precio-senales-clave\/\">Por qu\u00e9 el XLM podr\u00eda duplicar su precio: Se\u00f1ales clave a tener en cuenta<\/a><\/li>\n\n\n\n<li><a href=\"https:\/\/investx.fr\/es\/noticias-cripto\/puede-trump-hacer-colapsar-bitcoin-401k\/\">\u00bfPuede Trump hacer colapsar el Bitcoin con las 401(k)?<\/a><\/li>\n<\/ul>\n","protected":false},"excerpt":{"rendered":"<p>BlackRock, el mayor gestor de activos del mundo, planea incursionar en los ETF respaldados por Solana (SOL), la segunda blockchain descentralizada por capitalizaci\u00f3n. \u00bfImpactar\u00e1 esta movida en la competencia del mercado, con m\u00faltiples empresas solicitando a la SEC?<\/p>\n","protected":false},"author":32,"featured_media":13433,"comment_status":"closed","ping_status":"open","sticky":false,"template":"","format":"standard","meta":{"_acf_changed":false,"_yoast_wpseo_focuskw":"sol","_yoast_wpseo_title":"\u00bfEl ETF SOL de BlackRock sacudir\u00e1 el mercado?","_yoast_wpseo_metadesc":"\u00a1Ent\u00e9rate de la competencia por los ETF SOL! BlackRock podr\u00eda unirse a VanEck, Bitwise y Grayscale. Descubre m\u00e1s sobre sus implicaciones.","footnotes":"","faq_titre":"","questions_frequentes":"","custom_permalink":""},"categories":[11,10],"tags":[],"class_list":["post-13432","post","type-post","status-publish","format-standard","has-post-thumbnail","hentry","category-altcoins","category-noticias-cripto"],"acf":[],"yoast_head":"<!-- This site is optimized with the Yoast SEO plugin v26.4 - https:\/\/yoast.com\/wordpress\/plugins\/seo\/ -->\n<title>\u00bfEl ETF SOL de BlackRock sacudir\u00e1 el mercado?<\/title>\n<meta name=\"description\" content=\"\u00a1Ent\u00e9rate de la competencia por los ETF SOL! BlackRock podr\u00eda unirse a VanEck, Bitwise y Grayscale. Descubre m\u00e1s sobre sus implicaciones.\" \/>\n<meta name=\"robots\" content=\"index, follow, max-snippet:-1, max-image-preview:large, max-video-preview:-1\" \/>\n<link rel=\"canonical\" href=\"https:\/\/investx.fr\/es\/noticias-cripto\/como-afectaria-mercado-criptomonedas-etf-sol-blackrock\/\" \/>\n<meta property=\"og:locale\" content=\"es_ES\" \/>\n<meta property=\"og:type\" content=\"article\" \/>\n<meta property=\"og:title\" content=\"\u00bfEl ETF SOL de BlackRock sacudir\u00e1 el mercado?\" \/>\n<meta property=\"og:description\" content=\"\u00a1Ent\u00e9rate de la competencia por los ETF SOL! BlackRock podr\u00eda unirse a VanEck, Bitwise y Grayscale. Descubre m\u00e1s sobre sus implicaciones.\" \/>\n<meta property=\"og:site_name\" content=\"InvestX \u2013 Noticias Cripto, Gu\u00eda de Trading, An\u00e1lisis de Precios y Pron\u00f3sticos\" \/>\n<meta property=\"article:published_time\" content=\"2025-08-09T11:36:08+00:00\" \/>\n<meta property=\"article:modified_time\" content=\"2025-08-09T11:36:09+00:00\" \/>\n<meta property=\"og:image\" content=\"https:\/\/investx.fr\/es\/wp-content\/uploads\/sites\/4\/2025\/08\/laction-des-prix-de-cardano-et-les-niveaux-a-venir-2025-08-09-t094217.jpeg\" \/>\n\t<meta property=\"og:image:width\" content=\"840\" \/>\n\t<meta property=\"og:image:height\" content=\"560\" \/>\n\t<meta property=\"og:image:type\" content=\"image\/jpeg\" \/>\n<meta name=\"author\" content=\"Charles Ledoux\" \/>\n<meta name=\"twitter:card\" content=\"summary_large_image\" \/>\n<meta name=\"twitter:creator\" content=\"@charl3li\" \/>\n<meta name=\"twitter:label1\" content=\"Escrito por\" \/>\n\t<meta name=\"twitter:data1\" content=\"Charles Ledoux\" \/>\n\t<meta name=\"twitter:label2\" content=\"Tiempo de lectura\" \/>\n\t<meta name=\"twitter:data2\" content=\"2 minutos\" \/>\n<script type=\"application\/ld+json\" class=\"yoast-schema-graph\">{\"@context\":\"https:\/\/schema.org\",\"@graph\":[{\"@type\":\"Article\",\"@id\":\"https:\/\/investx.fr\/es\/noticias-cripto\/como-afectaria-mercado-criptomonedas-etf-sol-blackrock\/#article\",\"isPartOf\":{\"@id\":\"https:\/\/investx.fr\/es\/noticias-cripto\/como-afectaria-mercado-criptomonedas-etf-sol-blackrock\/\"},\"author\":{\"name\":\"Charles Ledoux\",\"@id\":\"https:\/\/investx.fr\/es\/#\/schema\/person\/a99817b9d097ee5a69e24946de94c23a\"},\"headline\":\"\u00bfC\u00f3mo afectar\u00eda al mercado de criptomonedas la llegada de un ETF SOL de BlackRock?\",\"datePublished\":\"2025-08-09T11:36:08+00:00\",\"dateModified\":\"2025-08-09T11:36:09+00:00\",\"mainEntityOfPage\":{\"@id\":\"https:\/\/investx.fr\/es\/noticias-cripto\/como-afectaria-mercado-criptomonedas-etf-sol-blackrock\/\"},\"wordCount\":342,\"publisher\":{\"@id\":\"https:\/\/investx.fr\/es\/#organization\"},\"image\":{\"@id\":\"https:\/\/investx.fr\/es\/noticias-cripto\/como-afectaria-mercado-criptomonedas-etf-sol-blackrock\/#primaryimage\"},\"thumbnailUrl\":\"https:\/\/media.investx.fr\/wp-content\/uploads\/sites\/4\/2025\/08\/laction-des-prix-de-cardano-et-les-niveaux-a-venir-2025-08-09-t094217.jpeg\",\"articleSection\":[\"Altcoins\",\"Noticias\"],\"inLanguage\":\"es\",\"copyrightYear\":\"2025\",\"copyrightHolder\":{\"@id\":\"https:\/\/investx.fr\/#organization\"}},{\"@type\":\"WebPage\",\"@id\":\"https:\/\/investx.fr\/es\/noticias-cripto\/como-afectaria-mercado-criptomonedas-etf-sol-blackrock\/\",\"url\":\"https:\/\/investx.fr\/es\/noticias-cripto\/como-afectaria-mercado-criptomonedas-etf-sol-blackrock\/\",\"name\":\"\u00bfEl ETF SOL de BlackRock sacudir\u00e1 el mercado?\",\"isPartOf\":{\"@id\":\"https:\/\/investx.fr\/es\/#website\"},\"primaryImageOfPage\":{\"@id\":\"https:\/\/investx.fr\/es\/noticias-cripto\/como-afectaria-mercado-criptomonedas-etf-sol-blackrock\/#primaryimage\"},\"image\":{\"@id\":\"https:\/\/investx.fr\/es\/noticias-cripto\/como-afectaria-mercado-criptomonedas-etf-sol-blackrock\/#primaryimage\"},\"thumbnailUrl\":\"https:\/\/media.investx.fr\/wp-content\/uploads\/sites\/4\/2025\/08\/laction-des-prix-de-cardano-et-les-niveaux-a-venir-2025-08-09-t094217.jpeg\",\"datePublished\":\"2025-08-09T11:36:08+00:00\",\"dateModified\":\"2025-08-09T11:36:09+00:00\",\"description\":\"\u00a1Ent\u00e9rate de la competencia por los ETF SOL! BlackRock podr\u00eda unirse a VanEck, Bitwise y Grayscale. Descubre m\u00e1s sobre sus implicaciones.\",\"breadcrumb\":{\"@id\":\"https:\/\/investx.fr\/es\/noticias-cripto\/como-afectaria-mercado-criptomonedas-etf-sol-blackrock\/#breadcrumb\"},\"inLanguage\":\"es\",\"potentialAction\":[{\"@type\":\"ReadAction\",\"target\":[\"https:\/\/investx.fr\/es\/noticias-cripto\/como-afectaria-mercado-criptomonedas-etf-sol-blackrock\/\"]}]},{\"@type\":\"ImageObject\",\"inLanguage\":\"es\",\"@id\":\"https:\/\/investx.fr\/es\/noticias-cripto\/como-afectaria-mercado-criptomonedas-etf-sol-blackrock\/#primaryimage\",\"url\":\"https:\/\/media.investx.fr\/wp-content\/uploads\/sites\/4\/2025\/08\/laction-des-prix-de-cardano-et-les-niveaux-a-venir-2025-08-09-t094217.jpeg\",\"contentUrl\":\"https:\/\/media.investx.fr\/wp-content\/uploads\/sites\/4\/2025\/08\/laction-des-prix-de-cardano-et-les-niveaux-a-venir-2025-08-09-t094217.jpeg\",\"width\":840,\"height\":560,\"caption\":\"etf sol\"},{\"@type\":\"BreadcrumbList\",\"@id\":\"https:\/\/investx.fr\/es\/noticias-cripto\/como-afectaria-mercado-criptomonedas-etf-sol-blackrock\/#breadcrumb\",\"itemListElement\":[{\"@type\":\"ListItem\",\"position\":1,\"name\":\"Home\",\"item\":\"https:\/\/investx.fr\/es\/\"},{\"@type\":\"ListItem\",\"position\":2,\"name\":\"\u00bfC\u00f3mo afectar\u00eda al mercado de criptomonedas la llegada de un ETF SOL de BlackRock?\"}]},{\"@type\":\"WebSite\",\"@id\":\"https:\/\/investx.fr\/es\/#website\",\"url\":\"https:\/\/investx.fr\/es\/\",\"name\":\"InvestX \u2013 Noticias Cripto, Gu\u00eda de Trading, An\u00e1lisis de Precios y Pron\u00f3sticos\",\"description\":\"Noticias cripto diarias y recursos ilimitados sobre criptomonedas, trading, blockchain, DeFi y m\u00e1s.\",\"publisher\":{\"@id\":\"https:\/\/investx.fr\/es\/#organization\"},\"potentialAction\":[{\"@type\":\"SearchAction\",\"target\":{\"@type\":\"EntryPoint\",\"urlTemplate\":\"https:\/\/investx.fr\/es\/?s={search_term_string}\"},\"query-input\":{\"@type\":\"PropertyValueSpecification\",\"valueRequired\":true,\"valueName\":\"search_term_string\"}}],\"inLanguage\":\"es\"},{\"@type\":\"Organization\",\"@id\":\"https:\/\/investx.fr\/es\/#organization\",\"name\":\"InvestX \u2013 Noticias Cripto, Gu\u00eda de Trading, An\u00e1lisis de Precios y Pron\u00f3sticos\",\"url\":\"https:\/\/investx.fr\/es\/\",\"logo\":{\"@type\":\"ImageObject\",\"inLanguage\":\"es\",\"@id\":\"https:\/\/investx.fr\/es\/#\/schema\/logo\/image\/\",\"url\":\"https:\/\/investx.fr\/es\/wp-content\/uploads\/sites\/4\/2025\/02\/investx_logo_tr.png\",\"contentUrl\":\"https:\/\/investx.fr\/es\/wp-content\/uploads\/sites\/4\/2025\/02\/investx_logo_tr.png\",\"width\":1366,\"height\":768,\"caption\":\"InvestX \u2013 Noticias Cripto, Gu\u00eda de Trading, An\u00e1lisis de Precios y Pron\u00f3sticos\"},\"image\":{\"@id\":\"https:\/\/investx.fr\/es\/#\/schema\/logo\/image\/\"}},{\"@type\":\"Person\",\"@id\":\"https:\/\/investx.fr\/es\/#\/schema\/person\/a99817b9d097ee5a69e24946de94c23a\",\"name\":\"Charles Ledoux\",\"image\":{\"@type\":\"ImageObject\",\"inLanguage\":\"es\",\"@id\":\"https:\/\/investx.fr\/es\/#\/schema\/person\/image\/\",\"url\":\"https:\/\/secure.gravatar.com\/avatar\/47d3a48e5bca34238d22886640ecc684e7dd54ad63c435f7005f6b5a1e0ddf8c?s=96&d=mm&r=g\",\"contentUrl\":\"https:\/\/secure.gravatar.com\/avatar\/47d3a48e5bca34238d22886640ecc684e7dd54ad63c435f7005f6b5a1e0ddf8c?s=96&d=mm&r=g\",\"caption\":\"Charles Ledoux\"},\"description\":\"Je suis un analyste sp\u00e9cialis\u00e9 dans les blockchains L1 et leurs fondamentaux comme Bitcoin, Kaspa, Monero, Chainlink ou encore Solana. Je suis \u00e9galement form\u00e9 au trading et \u00e0 l\u2019analyse technique depuis plus d\u2019un an sur le march\u00e9 des cryptomonnaies, mais \u00e9galement sur le forex et les m\u00e9taux pr\u00e9cieux comme l\u2019or ou le silver. J\u2019ai obtenu un dipl\u00f4me de la Crypto Academy sur les fondamentaux techniques du Bitcoin et poss\u00e8de une exp\u00e9rience de plus de 5 ans dans le journalisme et l\u2019\u00e9criture d\u2019articles p\u00e9dagogiques. J\u2019ai notamment \u00e9crit de nombreuses masterclass pour \u00e9duquer les nouveaux venus dans l'industrie et plus de 10 000 articles et news.J\u2019ai \u00e9galement pu interviewer de nombreux fondateurs et cr\u00e9ateurs de projets dans la crypto comme Marc Lebreton (chef marketing de la blockchain SUI), EJ Ayala (Coinbase US et Draftkings), et d\u2019autres projets comme Polyhedra (Eric Vreeland), Usual (Adli Takkal Bataille), ou encore Humanity Protocol (Jade Gu). J\u2019ai plong\u00e9 dans la cryptomonnaie il y a plus de 3 ans et continue de mettre tout en \u0153uvre pour fournir du contenu de qualit\u00e9, avec de l\u2019expertise et la neutralit\u00e9 attendue d\u2019un journaliste. Retrouvez moi aussi sur X pour des analyses et sur Linkedin pour me contacter.\",\"sameAs\":[\"https:\/\/www.linkedin.com\/in\/charles-ledoux-508392239\/\",\"https:\/\/x.com\/charl3li\"],\"url\":\"https:\/\/investx.fr\/es\/author\/charles-ledoux\/\"}]}<\/script>\n<!-- \/ Yoast SEO plugin. -->","yoast_head_json":{"title":"\u00bfEl ETF SOL de BlackRock sacudir\u00e1 el mercado?","description":"\u00a1Ent\u00e9rate de la competencia por los ETF SOL! BlackRock podr\u00eda unirse a VanEck, Bitwise y Grayscale. Descubre m\u00e1s sobre sus implicaciones.","robots":{"index":"index","follow":"follow","max-snippet":"max-snippet:-1","max-image-preview":"max-image-preview:large","max-video-preview":"max-video-preview:-1"},"canonical":"https:\/\/investx.fr\/es\/noticias-cripto\/como-afectaria-mercado-criptomonedas-etf-sol-blackrock\/","og_locale":"es_ES","og_type":"article","og_title":"\u00bfEl ETF SOL de BlackRock sacudir\u00e1 el mercado?","og_description":"\u00a1Ent\u00e9rate de la competencia por los ETF SOL! BlackRock podr\u00eda unirse a VanEck, Bitwise y Grayscale. Descubre m\u00e1s sobre sus implicaciones.","og_site_name":"InvestX \u2013 Noticias Cripto, Gu\u00eda de Trading, An\u00e1lisis de Precios y Pron\u00f3sticos","article_published_time":"2025-08-09T11:36:08+00:00","article_modified_time":"2025-08-09T11:36:09+00:00","og_image":[{"width":840,"height":560,"url":"https:\/\/investx.fr\/es\/wp-content\/uploads\/sites\/4\/2025\/08\/laction-des-prix-de-cardano-et-les-niveaux-a-venir-2025-08-09-t094217.jpeg","type":"image\/jpeg"}],"author":"Charles Ledoux","twitter_card":"summary_large_image","twitter_creator":"@charl3li","twitter_misc":{"Escrito por":"Charles Ledoux","Tiempo de lectura":"2 minutos"},"schema":{"@context":"https:\/\/schema.org","@graph":[{"@type":"Article","@id":"https:\/\/investx.fr\/es\/noticias-cripto\/como-afectaria-mercado-criptomonedas-etf-sol-blackrock\/#article","isPartOf":{"@id":"https:\/\/investx.fr\/es\/noticias-cripto\/como-afectaria-mercado-criptomonedas-etf-sol-blackrock\/"},"author":{"name":"Charles Ledoux","@id":"https:\/\/investx.fr\/es\/#\/schema\/person\/a99817b9d097ee5a69e24946de94c23a"},"headline":"\u00bfC\u00f3mo afectar\u00eda al mercado de criptomonedas la llegada de un ETF SOL de BlackRock?","datePublished":"2025-08-09T11:36:08+00:00","dateModified":"2025-08-09T11:36:09+00:00","mainEntityOfPage":{"@id":"https:\/\/investx.fr\/es\/noticias-cripto\/como-afectaria-mercado-criptomonedas-etf-sol-blackrock\/"},"wordCount":342,"publisher":{"@id":"https:\/\/investx.fr\/es\/#organization"},"image":{"@id":"https:\/\/investx.fr\/es\/noticias-cripto\/como-afectaria-mercado-criptomonedas-etf-sol-blackrock\/#primaryimage"},"thumbnailUrl":"https:\/\/media.investx.fr\/wp-content\/uploads\/sites\/4\/2025\/08\/laction-des-prix-de-cardano-et-les-niveaux-a-venir-2025-08-09-t094217.jpeg","articleSection":["Altcoins","Noticias"],"inLanguage":"es","copyrightYear":"2025","copyrightHolder":{"@id":"https:\/\/investx.fr\/#organization"}},{"@type":"WebPage","@id":"https:\/\/investx.fr\/es\/noticias-cripto\/como-afectaria-mercado-criptomonedas-etf-sol-blackrock\/","url":"https:\/\/investx.fr\/es\/noticias-cripto\/como-afectaria-mercado-criptomonedas-etf-sol-blackrock\/","name":"\u00bfEl ETF SOL de BlackRock sacudir\u00e1 el mercado?","isPartOf":{"@id":"https:\/\/investx.fr\/es\/#website"},"primaryImageOfPage":{"@id":"https:\/\/investx.fr\/es\/noticias-cripto\/como-afectaria-mercado-criptomonedas-etf-sol-blackrock\/#primaryimage"},"image":{"@id":"https:\/\/investx.fr\/es\/noticias-cripto\/como-afectaria-mercado-criptomonedas-etf-sol-blackrock\/#primaryimage"},"thumbnailUrl":"https:\/\/media.investx.fr\/wp-content\/uploads\/sites\/4\/2025\/08\/laction-des-prix-de-cardano-et-les-niveaux-a-venir-2025-08-09-t094217.jpeg","datePublished":"2025-08-09T11:36:08+00:00","dateModified":"2025-08-09T11:36:09+00:00","description":"\u00a1Ent\u00e9rate de la competencia por los ETF SOL! BlackRock podr\u00eda unirse a VanEck, Bitwise y Grayscale. Descubre m\u00e1s sobre sus implicaciones.","breadcrumb":{"@id":"https:\/\/investx.fr\/es\/noticias-cripto\/como-afectaria-mercado-criptomonedas-etf-sol-blackrock\/#breadcrumb"},"inLanguage":"es","potentialAction":[{"@type":"ReadAction","target":["https:\/\/investx.fr\/es\/noticias-cripto\/como-afectaria-mercado-criptomonedas-etf-sol-blackrock\/"]}]},{"@type":"ImageObject","inLanguage":"es","@id":"https:\/\/investx.fr\/es\/noticias-cripto\/como-afectaria-mercado-criptomonedas-etf-sol-blackrock\/#primaryimage","url":"https:\/\/media.investx.fr\/wp-content\/uploads\/sites\/4\/2025\/08\/laction-des-prix-de-cardano-et-les-niveaux-a-venir-2025-08-09-t094217.jpeg","contentUrl":"https:\/\/media.investx.fr\/wp-content\/uploads\/sites\/4\/2025\/08\/laction-des-prix-de-cardano-et-les-niveaux-a-venir-2025-08-09-t094217.jpeg","width":840,"height":560,"caption":"etf sol"},{"@type":"BreadcrumbList","@id":"https:\/\/investx.fr\/es\/noticias-cripto\/como-afectaria-mercado-criptomonedas-etf-sol-blackrock\/#breadcrumb","itemListElement":[{"@type":"ListItem","position":1,"name":"Home","item":"https:\/\/investx.fr\/es\/"},{"@type":"ListItem","position":2,"name":"\u00bfC\u00f3mo afectar\u00eda al mercado de criptomonedas la llegada de un ETF SOL de BlackRock?"}]},{"@type":"WebSite","@id":"https:\/\/investx.fr\/es\/#website","url":"https:\/\/investx.fr\/es\/","name":"InvestX \u2013 Noticias Cripto, Gu\u00eda de Trading, An\u00e1lisis de Precios y Pron\u00f3sticos","description":"Noticias cripto diarias y recursos ilimitados sobre criptomonedas, trading, blockchain, DeFi y m\u00e1s.","publisher":{"@id":"https:\/\/investx.fr\/es\/#organization"},"potentialAction":[{"@type":"SearchAction","target":{"@type":"EntryPoint","urlTemplate":"https:\/\/investx.fr\/es\/?s={search_term_string}"},"query-input":{"@type":"PropertyValueSpecification","valueRequired":true,"valueName":"search_term_string"}}],"inLanguage":"es"},{"@type":"Organization","@id":"https:\/\/investx.fr\/es\/#organization","name":"InvestX \u2013 Noticias Cripto, Gu\u00eda de Trading, An\u00e1lisis de Precios y Pron\u00f3sticos","url":"https:\/\/investx.fr\/es\/","logo":{"@type":"ImageObject","inLanguage":"es","@id":"https:\/\/investx.fr\/es\/#\/schema\/logo\/image\/","url":"https:\/\/investx.fr\/es\/wp-content\/uploads\/sites\/4\/2025\/02\/investx_logo_tr.png","contentUrl":"https:\/\/investx.fr\/es\/wp-content\/uploads\/sites\/4\/2025\/02\/investx_logo_tr.png","width":1366,"height":768,"caption":"InvestX \u2013 Noticias Cripto, Gu\u00eda de Trading, An\u00e1lisis de Precios y Pron\u00f3sticos"},"image":{"@id":"https:\/\/investx.fr\/es\/#\/schema\/logo\/image\/"}},{"@type":"Person","@id":"https:\/\/investx.fr\/es\/#\/schema\/person\/a99817b9d097ee5a69e24946de94c23a","name":"Charles Ledoux","image":{"@type":"ImageObject","inLanguage":"es","@id":"https:\/\/investx.fr\/es\/#\/schema\/person\/image\/","url":"https:\/\/secure.gravatar.com\/avatar\/47d3a48e5bca34238d22886640ecc684e7dd54ad63c435f7005f6b5a1e0ddf8c?s=96&d=mm&r=g","contentUrl":"https:\/\/secure.gravatar.com\/avatar\/47d3a48e5bca34238d22886640ecc684e7dd54ad63c435f7005f6b5a1e0ddf8c?s=96&d=mm&r=g","caption":"Charles Ledoux"},"description":"Je suis un analyste sp\u00e9cialis\u00e9 dans les blockchains L1 et leurs fondamentaux comme Bitcoin, Kaspa, Monero, Chainlink ou encore Solana. Je suis \u00e9galement form\u00e9 au trading et \u00e0 l\u2019analyse technique depuis plus d\u2019un an sur le march\u00e9 des cryptomonnaies, mais \u00e9galement sur le forex et les m\u00e9taux pr\u00e9cieux comme l\u2019or ou le silver. J\u2019ai obtenu un dipl\u00f4me de la Crypto Academy sur les fondamentaux techniques du Bitcoin et poss\u00e8de une exp\u00e9rience de plus de 5 ans dans le journalisme et l\u2019\u00e9criture d\u2019articles p\u00e9dagogiques. J\u2019ai notamment \u00e9crit de nombreuses masterclass pour \u00e9duquer les nouveaux venus dans l'industrie et plus de 10 000 articles et news.J\u2019ai \u00e9galement pu interviewer de nombreux fondateurs et cr\u00e9ateurs de projets dans la crypto comme Marc Lebreton (chef marketing de la blockchain SUI), EJ Ayala (Coinbase US et Draftkings), et d\u2019autres projets comme Polyhedra (Eric Vreeland), Usual (Adli Takkal Bataille), ou encore Humanity Protocol (Jade Gu). J\u2019ai plong\u00e9 dans la cryptomonnaie il y a plus de 3 ans et continue de mettre tout en \u0153uvre pour fournir du contenu de qualit\u00e9, avec de l\u2019expertise et la neutralit\u00e9 attendue d\u2019un journaliste. Retrouvez moi aussi sur X pour des analyses et sur Linkedin pour me contacter.","sameAs":["https:\/\/www.linkedin.com\/in\/charles-ledoux-508392239\/","https:\/\/x.com\/charl3li"],"url":"https:\/\/investx.fr\/es\/author\/charles-ledoux\/"}]}},"_links":{"self":[{"href":"https:\/\/investx.fr\/es\/wp-json\/wp\/v2\/posts\/13432","targetHints":{"allow":["GET"]}}],"collection":[{"href":"https:\/\/investx.fr\/es\/wp-json\/wp\/v2\/posts"}],"about":[{"href":"https:\/\/investx.fr\/es\/wp-json\/wp\/v2\/types\/post"}],"author":[{"embeddable":true,"href":"https:\/\/investx.fr\/es\/wp-json\/wp\/v2\/users\/32"}],"replies":[{"embeddable":true,"href":"https:\/\/investx.fr\/es\/wp-json\/wp\/v2\/comments?post=13432"}],"version-history":[{"count":1,"href":"https:\/\/investx.fr\/es\/wp-json\/wp\/v2\/posts\/13432\/revisions"}],"predecessor-version":[{"id":13434,"href":"https:\/\/investx.fr\/es\/wp-json\/wp\/v2\/posts\/13432\/revisions\/13434"}],"wp:featuredmedia":[{"embeddable":true,"href":"https:\/\/investx.fr\/es\/wp-json\/wp\/v2\/media\/13433"}],"wp:attachment":[{"href":"https:\/\/investx.fr\/es\/wp-json\/wp\/v2\/media?parent=13432"}],"wp:term":[{"taxonomy":"category","embeddable":true,"href":"https:\/\/investx.fr\/es\/wp-json\/wp\/v2\/categories?post=13432"},{"taxonomy":"post_tag","embeddable":true,"href":"https:\/\/investx.fr\/es\/wp-json\/wp\/v2\/tags?post=13432"}],"curies":[{"name":"wp","href":"https:\/\/api.w.org\/{rel}","templated":true}]}}