{"id":17586,"date":"2025-10-03T14:35:23","date_gmt":"2025-10-03T14:35:23","guid":{"rendered":"https:\/\/investx.fr\/es\/?p=17586"},"modified":"2025-10-03T14:40:10","modified_gmt":"2025-10-03T14:40:10","slug":"enfrentamiento-vitalik-buterin-padrino-bitcoin-peter-thiel","status":"publish","type":"post","link":"https:\/\/investx.fr\/es\/noticias-cripto\/enfrentamiento-vitalik-buterin-padrino-bitcoin-peter-thiel\/","title":{"rendered":"Enfrentamiento entre Vitalik Buterin y el padrino de Bitcoin Peter Thiel: \u00bfQu\u00e9 est\u00e1 ocurriendo?"},"content":{"rendered":"\n<h2 class=\"wp-block-heading\" class=\"wp-block-heading\" id=\"un-cuestionamiento-de-la-integridad-crypto-de-peter-thiel\">Un cuestionamiento de la integridad crypto de Peter Thiel<\/h2>\n\n\n\n<p><strong><a href=\"https:\/\/investx.fr\/es\/noticias-cripto\/propuesta-revolucionaria-vitalik-buterin-futuro-ethereum\/\">Vitalik Buterin<\/a><\/strong>, figura emblem\u00e1tica <a href=\"https:\/\/investx.fr\/es\/aprender-criptomonedas\/cripto\/ethereum\/\">de Ethereum<\/a>, no se ha cortado un pelo contra <strong>Peter Thiel<\/strong>, uno de los inversores institucionales m\u00e1s importantes de la red. En un mensaje conciso pero cristalino publicado en X (anteriormente Twitter), el desarrollador declar\u00f3 sin rodeos: <strong><em>\u00abPeter Thiel no es, por decirlo suavemente, un cypherpunk.\u00bb<\/em><\/strong><\/p>\n\n\n\n<figure class=\"wp-block-embed is-type-rich is-provider-twitter wp-block-embed-twitter\"><div class=\"wp-block-embed__wrapper\">\n<blockquote class=\"twitter-tweet\" data-width=\"500\" data-dnt=\"true\"><p lang=\"en\" dir=\"ltr\">Reminder that Peter Thiel is, to put it mildly, not a cypherpunk <a href=\"https:\/\/t.co\/aZQ1AUUCOb\">pic.twitter.com\/aZQ1AUUCOb<\/a><\/p>&mdash; vitalik.eth (@VitalikButerin) <a href=\"https:\/\/twitter.com\/VitalikButerin\/status\/1973901684226265229?ref_src=twsrc%5Etfw\">October 3, 2025<\/a><\/blockquote><script async src=\"https:\/\/platform.twitter.com\/widgets.js\" charset=\"utf-8\"><\/script>\n<\/div><\/figure>\n\n\n\n<figure class=\"wp-block-embed is-type-rich is-provider-twitter wp-block-embed-twitter\"><div class=\"wp-block-embed__wrapper\">\n<blockquote class=\"twitter-tweet\" data-width=\"500\" data-dnt=\"true\"><p lang=\"en\" dir=\"ltr\">Reminder that Peter Thiel is, to put it mildly, not a cypherpunk <a href=\"https:\/\/t.co\/aZQ1AUUCOb\">pic.twitter.com\/aZQ1AUUCOb<\/a><\/p>&mdash; vitalik.eth (@VitalikButerin) <a href=\"https:\/\/twitter.com\/VitalikButerin\/status\/1973901684226265229?ref_src=twsrc%5Etfw\">October 3, 2025<\/a><\/blockquote><script async src=\"https:\/\/platform.twitter.com\/widgets.js\" charset=\"utf-8\"><\/script>\n<\/div><\/figure>\n\n\n\n<p>Este <strong>ataque frontal<\/strong> sobre la alineaci\u00f3n ideol\u00f3gica de Thiel con los valores fundacionales de Ethereum plantea cuestiones cruciales sobre la gobernanza de la segunda red <a href=\"https:\/\/investx.fr\/es\/noticias-cripto\/blockchain\/\">blockchain<\/a> m\u00e1s grande. Porque si bien las inversiones de Thiel han contribuido sin duda al <strong>crecimiento <a href=\"https:\/\/investx.fr\/es\/aprender-criptomonedas\/cripto\/ethereum\/\">de Ethereum<\/a><\/strong>, sus posturas pol\u00edticas parecen entrar en contradicci\u00f3n directa con la \u00e9tica descentralizadora y anti-vigilancia promovida por la comunidad.<\/p>\n\n\n\n<div class=\"wp-block-buttons is-layout-flex wp-block-buttons-is-layout-flex\">\n<div class=\"wp-block-button\"><a class=\"wp-block-button__link wp-element-button\" href=\"https:\/\/t.me\/+TNBX8ef96gdjMGFk\" target=\"_blank\" rel=\"noreferrer noopener nofollow\">\u00a1No te pierdas ninguna actualidad del mercado cripto: suscr\u00edbete a Telegram!<\/a><\/div>\n<\/div>\n\n\n\n<h2 class=\"wp-block-heading\" class=\"wp-block-heading\" id=\"la-filosofia-autoritaria-de-thiel-en-las-antipodas-de-los-principios-de-ethereum\">La filosof\u00eda autoritaria de Thiel, en las ant\u00edpodas de los principios de Ethereum<\/h2>\n\n\n\n<p><strong>Peter Thiel, cofundador de PayPal y Palantir,<\/strong> es efectivamente un firme defensor de la filosof\u00eda de <strong>Leo Strauss<\/strong>, figura intelectual influyente del conservadurismo estadounidense. En sus escritos, encontramos alegatos a favor de una <strong>\u00abPax Americana\u00bb<\/strong> basada en la vigilancia global, un cuestionamiento de los principios democr\u00e1ticos modernos, y una <strong>centralizaci\u00f3n del poder en nombre de la estabilidad.<\/strong><\/p>\n\n\n\n<p>Sin embargo, esta orientaci\u00f3n pol\u00edtica contrasta radicalmente con los pilares fundamentales de Ethereum: la <strong>descentralizaci\u00f3n<\/strong>, la <strong>resistencia a la censura<\/strong>, la transparencia mediante c\u00f3digo abierto, y el empoderamiento individual a trav\u00e9s de los smart contracts. Ethereum se basa en un ideal libertario heredado del movimiento cypherpunk, defendiendo con ah\u00ednco el derecho a la privacidad, la anti-vigilancia y la soberan\u00eda digital de los usuarios. El respaldo de Thiel parece, por tanto, seg\u00fan Buterin, fundamentalmente <strong>incoherente<\/strong> con esta \u00e9tica original.<\/p>\n\n\n\n<h2 class=\"wp-block-heading\" class=\"wp-block-heading\" id=\"hacia-una-osificacion-progresiva-de-ethereum-para-preservar-su-integridad\">Hacia una \u00abosificaci\u00f3n progresiva\u00bb de Ethereum para preservar su integridad<\/h2>\n\n\n\n<p>Ante esta influencia creciente de inversores con valores pol\u00edticos cuestionados, Vitalik Buterin aboga por una <strong>\u00abosificaci\u00f3n progresiva\u00bb<\/strong> del protocolo <a href=\"https:\/\/investx.fr\/es\/invertir-criptomonedas\/comprar\/ethereum\/\">Ethereum<\/a>. \u00bfEl objetivo? Reducir las superficies de ataque por una <strong>centralizaci\u00f3n excesiva<\/strong>, mientras se consolida una gobernanza verdaderamente descentralizada.<\/p>\n\n\n\n<p>Mientras la infraestructura Ethereum contin\u00faa su maduraci\u00f3n, Buterin considera que ha llegado el momento de estabilizar las evoluciones de base, una vez completadas las fases de escalabilidad y limpieza tecnol\u00f3gica. Un estancamiento voluntario que permitir\u00eda reforzar la integridad del c\u00f3digo fuente de la capa 1, y <strong>preservar la identidad \u00e9tica<\/strong> del proyecto frente a los apetitos de financieros con visiones pol\u00edticas antag\u00f3nicas.<\/p>\n\n\n\n<p>En conclusi\u00f3n, la declaraci\u00f3n de Vitalik Buterin no es casual. Al denunciar p\u00fablicamente a Peter Thiel, env\u00eda una se\u00f1al clara: <strong>la ideolog\u00eda <a href=\"https:\/\/investx.fr\/es\/aprender-criptomonedas\/cripto\/\">cripto<\/a> no est\u00e1 en venta<\/strong>, ni siquiera a un precio elevado. Ethereum, motor de la innovaci\u00f3n <strong>descentralizada<\/strong>, debe preservar su alma libertaria y su papel de columna vertebral de las finanzas programables.<\/p>\n\n\n\n<div class=\"wp-block-buttons is-layout-flex wp-block-buttons-is-layout-flex\">\n<div class=\"wp-block-button\"><a class=\"wp-block-button__link wp-element-button\" href=\"https:\/\/investx.fr\/go-bitget\" target=\"_blank\" rel=\"noreferrer noopener nofollow\">\u00a1Compra ETH en Bitget y recibe 10 d\u00f3lares en pocos clics!<\/a><\/div>\n<\/div>\n\n\n\n<p><strong>En el mismo tema:<\/strong><\/p>\n\n\n\n<ul class=\"wp-block-list\">\n<li><a href=\"https:\/\/investx.fr\/es\/noticias-cripto\/xrp-10-indicador-senala-inminente-explosion\/\">XRP a $10: Este indicador se\u00f1ala una inminente explosi\u00f3n<\/a><\/li>\n\n\n\n<li><a href=\"https:\/\/investx.fr\/es\/noticias-cripto\/acciones-circle-crcl-disparan-16-rumbo-x3-2025\/\">Las acciones de Circle (CRCL) se disparan un 16%: \u00bfRumbo a x3 en 2025?<\/a><\/li>\n\n\n\n<li><a href=\"https:\/\/investx.fr\/es\/noticias-cripto\/puede-xrp-alcanzar-realmente-1000-dolares\/\">\u00bfPuede el XRP alcanzar realmente los 1 000 d\u00f3lares en el futuro?<\/a><\/li>\n<\/ul>\n","protected":false},"excerpt":{"rendered":"<p>Vitalik Buterin, l\u00edder de Ethereum, se enfrenta a Peter Thiel, uno de los principales inversores institucionales de la red. Este conflicto plantea interrogantes fundamentales sobre la \u00e9tica de Ethereum. \u00a1Descubre m\u00e1s en InvestX!<\/p>\n","protected":false},"author":32,"featured_media":17585,"comment_status":"closed","ping_status":"open","sticky":false,"template":"","format":"standard","meta":{"_acf_changed":false,"_yoast_wpseo_focuskw":"vitalik","_yoast_wpseo_title":"Vitalik Buterin vs Peter Thiel: \u00bfQu\u00e9 est\u00e1 sucediendo?","_yoast_wpseo_metadesc":"\u00a1Vitalik Buterin critica abiertamente a Peter Thiel por socavar la \u00e9tica descentralizada en una pol\u00e9mica impactante en el mundo cripto!","footnotes":"","faq_titre":"","questions_frequentes":"","custom_permalink":""},"categories":[14,10],"tags":[],"class_list":["post-17586","post","type-post","status-publish","format-standard","has-post-thumbnail","hentry","category-ethereum","category-noticias-cripto"],"acf":[],"yoast_head":"<!-- This site is optimized with the Yoast SEO plugin v26.4 - https:\/\/yoast.com\/wordpress\/plugins\/seo\/ -->\n<title>Vitalik Buterin vs Peter Thiel: \u00bfQu\u00e9 est\u00e1 sucediendo?<\/title>\n<meta name=\"description\" content=\"\u00a1Vitalik Buterin critica abiertamente a Peter Thiel por socavar la \u00e9tica descentralizada en una pol\u00e9mica impactante en el mundo cripto!\" \/>\n<meta name=\"robots\" content=\"index, follow, max-snippet:-1, max-image-preview:large, max-video-preview:-1\" \/>\n<link rel=\"canonical\" href=\"https:\/\/investx.fr\/es\/noticias-cripto\/enfrentamiento-vitalik-buterin-padrino-bitcoin-peter-thiel\/\" \/>\n<meta property=\"og:locale\" content=\"es_ES\" \/>\n<meta property=\"og:type\" content=\"article\" \/>\n<meta property=\"og:title\" content=\"Vitalik Buterin vs Peter Thiel: \u00bfQu\u00e9 est\u00e1 sucediendo?\" \/>\n<meta property=\"og:description\" content=\"\u00a1Vitalik Buterin critica abiertamente a Peter Thiel por socavar la \u00e9tica descentralizada en una pol\u00e9mica impactante en el mundo cripto!\" \/>\n<meta property=\"og:site_name\" content=\"InvestX \u2013 Noticias Cripto, Gu\u00eda de Trading, An\u00e1lisis de Precios y Pron\u00f3sticos\" \/>\n<meta property=\"article:published_time\" content=\"2025-10-03T14:35:23+00:00\" \/>\n<meta property=\"article:modified_time\" content=\"2025-10-03T14:40:10+00:00\" \/>\n<meta property=\"og:image\" content=\"https:\/\/investx.fr\/es\/wp-content\/uploads\/sites\/4\/2025\/10\/Laction-des-prix-de-Cardano-et-les-niveaux-a-venir-2025-10-03T121603.186.jpg\" \/>\n\t<meta property=\"og:image:width\" content=\"840\" \/>\n\t<meta property=\"og:image:height\" content=\"560\" \/>\n\t<meta property=\"og:image:type\" content=\"image\/jpeg\" \/>\n<meta name=\"author\" content=\"Charles Ledoux\" \/>\n<meta name=\"twitter:card\" content=\"summary_large_image\" \/>\n<meta name=\"twitter:creator\" content=\"@charl3li\" \/>\n<meta name=\"twitter:label1\" content=\"Escrito por\" \/>\n\t<meta name=\"twitter:data1\" content=\"Charles Ledoux\" \/>\n\t<meta name=\"twitter:label2\" content=\"Tiempo de lectura\" \/>\n\t<meta name=\"twitter:data2\" content=\"3 minutos\" \/>\n<script type=\"application\/ld+json\" class=\"yoast-schema-graph\">{\"@context\":\"https:\/\/schema.org\",\"@graph\":[{\"@type\":\"Article\",\"@id\":\"https:\/\/investx.fr\/es\/noticias-cripto\/enfrentamiento-vitalik-buterin-padrino-bitcoin-peter-thiel\/#article\",\"isPartOf\":{\"@id\":\"https:\/\/investx.fr\/es\/noticias-cripto\/enfrentamiento-vitalik-buterin-padrino-bitcoin-peter-thiel\/\"},\"author\":{\"name\":\"Charles Ledoux\",\"@id\":\"https:\/\/investx.fr\/es\/#\/schema\/person\/a99817b9d097ee5a69e24946de94c23a\"},\"headline\":\"Enfrentamiento entre Vitalik Buterin y el padrino de Bitcoin Peter Thiel: \u00bfQu\u00e9 est\u00e1 ocurriendo?\",\"datePublished\":\"2025-10-03T14:35:23+00:00\",\"dateModified\":\"2025-10-03T14:40:10+00:00\",\"mainEntityOfPage\":{\"@id\":\"https:\/\/investx.fr\/es\/noticias-cripto\/enfrentamiento-vitalik-buterin-padrino-bitcoin-peter-thiel\/\"},\"wordCount\":553,\"publisher\":{\"@id\":\"https:\/\/investx.fr\/es\/#organization\"},\"image\":{\"@id\":\"https:\/\/investx.fr\/es\/noticias-cripto\/enfrentamiento-vitalik-buterin-padrino-bitcoin-peter-thiel\/#primaryimage\"},\"thumbnailUrl\":\"https:\/\/media.investx.fr\/wp-content\/uploads\/sites\/4\/2025\/10\/Laction-des-prix-de-Cardano-et-les-niveaux-a-venir-2025-10-03T121603.186.jpg\",\"articleSection\":[\"Ethereum\",\"Noticias\"],\"inLanguage\":\"es\",\"copyrightYear\":\"2025\",\"copyrightHolder\":{\"@id\":\"https:\/\/investx.fr\/#organization\"}},{\"@type\":\"WebPage\",\"@id\":\"https:\/\/investx.fr\/es\/noticias-cripto\/enfrentamiento-vitalik-buterin-padrino-bitcoin-peter-thiel\/\",\"url\":\"https:\/\/investx.fr\/es\/noticias-cripto\/enfrentamiento-vitalik-buterin-padrino-bitcoin-peter-thiel\/\",\"name\":\"Vitalik Buterin vs Peter Thiel: \u00bfQu\u00e9 est\u00e1 sucediendo?\",\"isPartOf\":{\"@id\":\"https:\/\/investx.fr\/es\/#website\"},\"primaryImageOfPage\":{\"@id\":\"https:\/\/investx.fr\/es\/noticias-cripto\/enfrentamiento-vitalik-buterin-padrino-bitcoin-peter-thiel\/#primaryimage\"},\"image\":{\"@id\":\"https:\/\/investx.fr\/es\/noticias-cripto\/enfrentamiento-vitalik-buterin-padrino-bitcoin-peter-thiel\/#primaryimage\"},\"thumbnailUrl\":\"https:\/\/media.investx.fr\/wp-content\/uploads\/sites\/4\/2025\/10\/Laction-des-prix-de-Cardano-et-les-niveaux-a-venir-2025-10-03T121603.186.jpg\",\"datePublished\":\"2025-10-03T14:35:23+00:00\",\"dateModified\":\"2025-10-03T14:40:10+00:00\",\"description\":\"\u00a1Vitalik Buterin critica abiertamente a Peter Thiel por socavar la \u00e9tica descentralizada en una pol\u00e9mica impactante en el mundo cripto!\",\"breadcrumb\":{\"@id\":\"https:\/\/investx.fr\/es\/noticias-cripto\/enfrentamiento-vitalik-buterin-padrino-bitcoin-peter-thiel\/#breadcrumb\"},\"inLanguage\":\"es\",\"potentialAction\":[{\"@type\":\"ReadAction\",\"target\":[\"https:\/\/investx.fr\/es\/noticias-cripto\/enfrentamiento-vitalik-buterin-padrino-bitcoin-peter-thiel\/\"]}]},{\"@type\":\"ImageObject\",\"inLanguage\":\"es\",\"@id\":\"https:\/\/investx.fr\/es\/noticias-cripto\/enfrentamiento-vitalik-buterin-padrino-bitcoin-peter-thiel\/#primaryimage\",\"url\":\"https:\/\/media.investx.fr\/wp-content\/uploads\/sites\/4\/2025\/10\/Laction-des-prix-de-Cardano-et-les-niveaux-a-venir-2025-10-03T121603.186.jpg\",\"contentUrl\":\"https:\/\/media.investx.fr\/wp-content\/uploads\/sites\/4\/2025\/10\/Laction-des-prix-de-Cardano-et-les-niveaux-a-venir-2025-10-03T121603.186.jpg\",\"width\":840,\"height\":560,\"caption\":\"Portada con Vitalik Buterin y Peter Thiel.\"},{\"@type\":\"BreadcrumbList\",\"@id\":\"https:\/\/investx.fr\/es\/noticias-cripto\/enfrentamiento-vitalik-buterin-padrino-bitcoin-peter-thiel\/#breadcrumb\",\"itemListElement\":[{\"@type\":\"ListItem\",\"position\":1,\"name\":\"Home\",\"item\":\"https:\/\/investx.fr\/es\/\"},{\"@type\":\"ListItem\",\"position\":2,\"name\":\"Enfrentamiento entre Vitalik Buterin y el padrino de Bitcoin Peter Thiel: \u00bfQu\u00e9 est\u00e1 ocurriendo?\"}]},{\"@type\":\"WebSite\",\"@id\":\"https:\/\/investx.fr\/es\/#website\",\"url\":\"https:\/\/investx.fr\/es\/\",\"name\":\"InvestX \u2013 Noticias Cripto, Gu\u00eda de Trading, An\u00e1lisis de Precios y Pron\u00f3sticos\",\"description\":\"Noticias cripto diarias y recursos ilimitados sobre criptomonedas, trading, blockchain, DeFi y m\u00e1s.\",\"publisher\":{\"@id\":\"https:\/\/investx.fr\/es\/#organization\"},\"potentialAction\":[{\"@type\":\"SearchAction\",\"target\":{\"@type\":\"EntryPoint\",\"urlTemplate\":\"https:\/\/investx.fr\/es\/?s={search_term_string}\"},\"query-input\":{\"@type\":\"PropertyValueSpecification\",\"valueRequired\":true,\"valueName\":\"search_term_string\"}}],\"inLanguage\":\"es\"},{\"@type\":\"Organization\",\"@id\":\"https:\/\/investx.fr\/es\/#organization\",\"name\":\"InvestX \u2013 Noticias Cripto, Gu\u00eda de Trading, An\u00e1lisis de Precios y Pron\u00f3sticos\",\"url\":\"https:\/\/investx.fr\/es\/\",\"logo\":{\"@type\":\"ImageObject\",\"inLanguage\":\"es\",\"@id\":\"https:\/\/investx.fr\/es\/#\/schema\/logo\/image\/\",\"url\":\"https:\/\/investx.fr\/es\/wp-content\/uploads\/sites\/4\/2025\/02\/investx_logo_tr.png\",\"contentUrl\":\"https:\/\/investx.fr\/es\/wp-content\/uploads\/sites\/4\/2025\/02\/investx_logo_tr.png\",\"width\":1366,\"height\":768,\"caption\":\"InvestX \u2013 Noticias Cripto, Gu\u00eda de Trading, An\u00e1lisis de Precios y Pron\u00f3sticos\"},\"image\":{\"@id\":\"https:\/\/investx.fr\/es\/#\/schema\/logo\/image\/\"}},{\"@type\":\"Person\",\"@id\":\"https:\/\/investx.fr\/es\/#\/schema\/person\/a99817b9d097ee5a69e24946de94c23a\",\"name\":\"Charles Ledoux\",\"image\":{\"@type\":\"ImageObject\",\"inLanguage\":\"es\",\"@id\":\"https:\/\/investx.fr\/es\/#\/schema\/person\/image\/\",\"url\":\"https:\/\/secure.gravatar.com\/avatar\/47d3a48e5bca34238d22886640ecc684e7dd54ad63c435f7005f6b5a1e0ddf8c?s=96&d=mm&r=g\",\"contentUrl\":\"https:\/\/secure.gravatar.com\/avatar\/47d3a48e5bca34238d22886640ecc684e7dd54ad63c435f7005f6b5a1e0ddf8c?s=96&d=mm&r=g\",\"caption\":\"Charles Ledoux\"},\"description\":\"Je suis un analyste sp\u00e9cialis\u00e9 dans les blockchains L1 et leurs fondamentaux comme Bitcoin, Kaspa, Monero, Chainlink ou encore Solana. Je suis \u00e9galement form\u00e9 au trading et \u00e0 l\u2019analyse technique depuis plus d\u2019un an sur le march\u00e9 des cryptomonnaies, mais \u00e9galement sur le forex et les m\u00e9taux pr\u00e9cieux comme l\u2019or ou le silver. J\u2019ai obtenu un dipl\u00f4me de la Crypto Academy sur les fondamentaux techniques du Bitcoin et poss\u00e8de une exp\u00e9rience de plus de 5 ans dans le journalisme et l\u2019\u00e9criture d\u2019articles p\u00e9dagogiques. J\u2019ai notamment \u00e9crit de nombreuses masterclass pour \u00e9duquer les nouveaux venus dans l'industrie et plus de 10 000 articles et news.J\u2019ai \u00e9galement pu interviewer de nombreux fondateurs et cr\u00e9ateurs de projets dans la crypto comme Marc Lebreton (chef marketing de la blockchain SUI), EJ Ayala (Coinbase US et Draftkings), et d\u2019autres projets comme Polyhedra (Eric Vreeland), Usual (Adli Takkal Bataille), ou encore Humanity Protocol (Jade Gu). J\u2019ai plong\u00e9 dans la cryptomonnaie il y a plus de 3 ans et continue de mettre tout en \u0153uvre pour fournir du contenu de qualit\u00e9, avec de l\u2019expertise et la neutralit\u00e9 attendue d\u2019un journaliste. Retrouvez moi aussi sur X pour des analyses et sur Linkedin pour me contacter.\",\"sameAs\":[\"https:\/\/www.linkedin.com\/in\/charles-ledoux-508392239\/\",\"https:\/\/x.com\/charl3li\"],\"url\":\"https:\/\/investx.fr\/es\/author\/charles-ledoux\/\"}]}<\/script>\n<!-- \/ Yoast SEO plugin. -->","yoast_head_json":{"title":"Vitalik Buterin vs Peter Thiel: \u00bfQu\u00e9 est\u00e1 sucediendo?","description":"\u00a1Vitalik Buterin critica abiertamente a Peter Thiel por socavar la \u00e9tica descentralizada en una pol\u00e9mica impactante en el mundo cripto!","robots":{"index":"index","follow":"follow","max-snippet":"max-snippet:-1","max-image-preview":"max-image-preview:large","max-video-preview":"max-video-preview:-1"},"canonical":"https:\/\/investx.fr\/es\/noticias-cripto\/enfrentamiento-vitalik-buterin-padrino-bitcoin-peter-thiel\/","og_locale":"es_ES","og_type":"article","og_title":"Vitalik Buterin vs Peter Thiel: \u00bfQu\u00e9 est\u00e1 sucediendo?","og_description":"\u00a1Vitalik Buterin critica abiertamente a Peter Thiel por socavar la \u00e9tica descentralizada en una pol\u00e9mica impactante en el mundo cripto!","og_site_name":"InvestX \u2013 Noticias Cripto, Gu\u00eda de Trading, An\u00e1lisis de Precios y Pron\u00f3sticos","article_published_time":"2025-10-03T14:35:23+00:00","article_modified_time":"2025-10-03T14:40:10+00:00","og_image":[{"width":840,"height":560,"url":"https:\/\/investx.fr\/es\/wp-content\/uploads\/sites\/4\/2025\/10\/Laction-des-prix-de-Cardano-et-les-niveaux-a-venir-2025-10-03T121603.186.jpg","type":"image\/jpeg"}],"author":"Charles Ledoux","twitter_card":"summary_large_image","twitter_creator":"@charl3li","twitter_misc":{"Escrito por":"Charles Ledoux","Tiempo de lectura":"3 minutos"},"schema":{"@context":"https:\/\/schema.org","@graph":[{"@type":"Article","@id":"https:\/\/investx.fr\/es\/noticias-cripto\/enfrentamiento-vitalik-buterin-padrino-bitcoin-peter-thiel\/#article","isPartOf":{"@id":"https:\/\/investx.fr\/es\/noticias-cripto\/enfrentamiento-vitalik-buterin-padrino-bitcoin-peter-thiel\/"},"author":{"name":"Charles Ledoux","@id":"https:\/\/investx.fr\/es\/#\/schema\/person\/a99817b9d097ee5a69e24946de94c23a"},"headline":"Enfrentamiento entre Vitalik Buterin y el padrino de Bitcoin Peter Thiel: \u00bfQu\u00e9 est\u00e1 ocurriendo?","datePublished":"2025-10-03T14:35:23+00:00","dateModified":"2025-10-03T14:40:10+00:00","mainEntityOfPage":{"@id":"https:\/\/investx.fr\/es\/noticias-cripto\/enfrentamiento-vitalik-buterin-padrino-bitcoin-peter-thiel\/"},"wordCount":553,"publisher":{"@id":"https:\/\/investx.fr\/es\/#organization"},"image":{"@id":"https:\/\/investx.fr\/es\/noticias-cripto\/enfrentamiento-vitalik-buterin-padrino-bitcoin-peter-thiel\/#primaryimage"},"thumbnailUrl":"https:\/\/media.investx.fr\/wp-content\/uploads\/sites\/4\/2025\/10\/Laction-des-prix-de-Cardano-et-les-niveaux-a-venir-2025-10-03T121603.186.jpg","articleSection":["Ethereum","Noticias"],"inLanguage":"es","copyrightYear":"2025","copyrightHolder":{"@id":"https:\/\/investx.fr\/#organization"}},{"@type":"WebPage","@id":"https:\/\/investx.fr\/es\/noticias-cripto\/enfrentamiento-vitalik-buterin-padrino-bitcoin-peter-thiel\/","url":"https:\/\/investx.fr\/es\/noticias-cripto\/enfrentamiento-vitalik-buterin-padrino-bitcoin-peter-thiel\/","name":"Vitalik Buterin vs Peter Thiel: \u00bfQu\u00e9 est\u00e1 sucediendo?","isPartOf":{"@id":"https:\/\/investx.fr\/es\/#website"},"primaryImageOfPage":{"@id":"https:\/\/investx.fr\/es\/noticias-cripto\/enfrentamiento-vitalik-buterin-padrino-bitcoin-peter-thiel\/#primaryimage"},"image":{"@id":"https:\/\/investx.fr\/es\/noticias-cripto\/enfrentamiento-vitalik-buterin-padrino-bitcoin-peter-thiel\/#primaryimage"},"thumbnailUrl":"https:\/\/media.investx.fr\/wp-content\/uploads\/sites\/4\/2025\/10\/Laction-des-prix-de-Cardano-et-les-niveaux-a-venir-2025-10-03T121603.186.jpg","datePublished":"2025-10-03T14:35:23+00:00","dateModified":"2025-10-03T14:40:10+00:00","description":"\u00a1Vitalik Buterin critica abiertamente a Peter Thiel por socavar la \u00e9tica descentralizada en una pol\u00e9mica impactante en el mundo cripto!","breadcrumb":{"@id":"https:\/\/investx.fr\/es\/noticias-cripto\/enfrentamiento-vitalik-buterin-padrino-bitcoin-peter-thiel\/#breadcrumb"},"inLanguage":"es","potentialAction":[{"@type":"ReadAction","target":["https:\/\/investx.fr\/es\/noticias-cripto\/enfrentamiento-vitalik-buterin-padrino-bitcoin-peter-thiel\/"]}]},{"@type":"ImageObject","inLanguage":"es","@id":"https:\/\/investx.fr\/es\/noticias-cripto\/enfrentamiento-vitalik-buterin-padrino-bitcoin-peter-thiel\/#primaryimage","url":"https:\/\/media.investx.fr\/wp-content\/uploads\/sites\/4\/2025\/10\/Laction-des-prix-de-Cardano-et-les-niveaux-a-venir-2025-10-03T121603.186.jpg","contentUrl":"https:\/\/media.investx.fr\/wp-content\/uploads\/sites\/4\/2025\/10\/Laction-des-prix-de-Cardano-et-les-niveaux-a-venir-2025-10-03T121603.186.jpg","width":840,"height":560,"caption":"Portada con Vitalik Buterin y Peter Thiel."},{"@type":"BreadcrumbList","@id":"https:\/\/investx.fr\/es\/noticias-cripto\/enfrentamiento-vitalik-buterin-padrino-bitcoin-peter-thiel\/#breadcrumb","itemListElement":[{"@type":"ListItem","position":1,"name":"Home","item":"https:\/\/investx.fr\/es\/"},{"@type":"ListItem","position":2,"name":"Enfrentamiento entre Vitalik Buterin y el padrino de Bitcoin Peter Thiel: \u00bfQu\u00e9 est\u00e1 ocurriendo?"}]},{"@type":"WebSite","@id":"https:\/\/investx.fr\/es\/#website","url":"https:\/\/investx.fr\/es\/","name":"InvestX \u2013 Noticias Cripto, Gu\u00eda de Trading, An\u00e1lisis de Precios y Pron\u00f3sticos","description":"Noticias cripto diarias y recursos ilimitados sobre criptomonedas, trading, blockchain, DeFi y m\u00e1s.","publisher":{"@id":"https:\/\/investx.fr\/es\/#organization"},"potentialAction":[{"@type":"SearchAction","target":{"@type":"EntryPoint","urlTemplate":"https:\/\/investx.fr\/es\/?s={search_term_string}"},"query-input":{"@type":"PropertyValueSpecification","valueRequired":true,"valueName":"search_term_string"}}],"inLanguage":"es"},{"@type":"Organization","@id":"https:\/\/investx.fr\/es\/#organization","name":"InvestX \u2013 Noticias Cripto, Gu\u00eda de Trading, An\u00e1lisis de Precios y Pron\u00f3sticos","url":"https:\/\/investx.fr\/es\/","logo":{"@type":"ImageObject","inLanguage":"es","@id":"https:\/\/investx.fr\/es\/#\/schema\/logo\/image\/","url":"https:\/\/investx.fr\/es\/wp-content\/uploads\/sites\/4\/2025\/02\/investx_logo_tr.png","contentUrl":"https:\/\/investx.fr\/es\/wp-content\/uploads\/sites\/4\/2025\/02\/investx_logo_tr.png","width":1366,"height":768,"caption":"InvestX \u2013 Noticias Cripto, Gu\u00eda de Trading, An\u00e1lisis de Precios y Pron\u00f3sticos"},"image":{"@id":"https:\/\/investx.fr\/es\/#\/schema\/logo\/image\/"}},{"@type":"Person","@id":"https:\/\/investx.fr\/es\/#\/schema\/person\/a99817b9d097ee5a69e24946de94c23a","name":"Charles Ledoux","image":{"@type":"ImageObject","inLanguage":"es","@id":"https:\/\/investx.fr\/es\/#\/schema\/person\/image\/","url":"https:\/\/secure.gravatar.com\/avatar\/47d3a48e5bca34238d22886640ecc684e7dd54ad63c435f7005f6b5a1e0ddf8c?s=96&d=mm&r=g","contentUrl":"https:\/\/secure.gravatar.com\/avatar\/47d3a48e5bca34238d22886640ecc684e7dd54ad63c435f7005f6b5a1e0ddf8c?s=96&d=mm&r=g","caption":"Charles Ledoux"},"description":"Je suis un analyste sp\u00e9cialis\u00e9 dans les blockchains L1 et leurs fondamentaux comme Bitcoin, Kaspa, Monero, Chainlink ou encore Solana. Je suis \u00e9galement form\u00e9 au trading et \u00e0 l\u2019analyse technique depuis plus d\u2019un an sur le march\u00e9 des cryptomonnaies, mais \u00e9galement sur le forex et les m\u00e9taux pr\u00e9cieux comme l\u2019or ou le silver. J\u2019ai obtenu un dipl\u00f4me de la Crypto Academy sur les fondamentaux techniques du Bitcoin et poss\u00e8de une exp\u00e9rience de plus de 5 ans dans le journalisme et l\u2019\u00e9criture d\u2019articles p\u00e9dagogiques. J\u2019ai notamment \u00e9crit de nombreuses masterclass pour \u00e9duquer les nouveaux venus dans l'industrie et plus de 10 000 articles et news.J\u2019ai \u00e9galement pu interviewer de nombreux fondateurs et cr\u00e9ateurs de projets dans la crypto comme Marc Lebreton (chef marketing de la blockchain SUI), EJ Ayala (Coinbase US et Draftkings), et d\u2019autres projets comme Polyhedra (Eric Vreeland), Usual (Adli Takkal Bataille), ou encore Humanity Protocol (Jade Gu). J\u2019ai plong\u00e9 dans la cryptomonnaie il y a plus de 3 ans et continue de mettre tout en \u0153uvre pour fournir du contenu de qualit\u00e9, avec de l\u2019expertise et la neutralit\u00e9 attendue d\u2019un journaliste. Retrouvez moi aussi sur X pour des analyses et sur Linkedin pour me contacter.","sameAs":["https:\/\/www.linkedin.com\/in\/charles-ledoux-508392239\/","https:\/\/x.com\/charl3li"],"url":"https:\/\/investx.fr\/es\/author\/charles-ledoux\/"}]}},"_links":{"self":[{"href":"https:\/\/investx.fr\/es\/wp-json\/wp\/v2\/posts\/17586","targetHints":{"allow":["GET"]}}],"collection":[{"href":"https:\/\/investx.fr\/es\/wp-json\/wp\/v2\/posts"}],"about":[{"href":"https:\/\/investx.fr\/es\/wp-json\/wp\/v2\/types\/post"}],"author":[{"embeddable":true,"href":"https:\/\/investx.fr\/es\/wp-json\/wp\/v2\/users\/32"}],"replies":[{"embeddable":true,"href":"https:\/\/investx.fr\/es\/wp-json\/wp\/v2\/comments?post=17586"}],"version-history":[{"count":1,"href":"https:\/\/investx.fr\/es\/wp-json\/wp\/v2\/posts\/17586\/revisions"}],"predecessor-version":[{"id":17587,"href":"https:\/\/investx.fr\/es\/wp-json\/wp\/v2\/posts\/17586\/revisions\/17587"}],"wp:featuredmedia":[{"embeddable":true,"href":"https:\/\/investx.fr\/es\/wp-json\/wp\/v2\/media\/17585"}],"wp:attachment":[{"href":"https:\/\/investx.fr\/es\/wp-json\/wp\/v2\/media?parent=17586"}],"wp:term":[{"taxonomy":"category","embeddable":true,"href":"https:\/\/investx.fr\/es\/wp-json\/wp\/v2\/categories?post=17586"},{"taxonomy":"post_tag","embeddable":true,"href":"https:\/\/investx.fr\/es\/wp-json\/wp\/v2\/tags?post=17586"}],"curies":[{"name":"wp","href":"https:\/\/api.w.org\/{rel}","templated":true}]}}