{"id":19693,"date":"2025-10-25T08:49:40","date_gmt":"2025-10-25T08:49:40","guid":{"rendered":"https:\/\/investx.fr\/es\/?p=19693"},"modified":"2025-10-25T08:49:41","modified_gmt":"2025-10-25T08:49:41","slug":"trump-nombra-michael-selig-que-impacto-tendra-criptos","status":"publish","type":"post","link":"https:\/\/investx.fr\/es\/noticias-cripto\/trump-nombra-michael-selig-que-impacto-tendra-criptos\/","title":{"rendered":"Trump nombra a Michael Selig como jefe de la CFTC: \u00bfQu\u00e9 impacto tendr\u00e1 en las criptos?"},"content":{"rendered":"\n<h2 class=\"wp-block-heading\" class=\"wp-block-heading\" id=\"un-giro-inesperado-en-un-clima-regulatorio-caotico\">Un giro inesperado en un clima regulatorio ca\u00f3tico<\/h2>\n\n\n\n<p>La <strong>CFTC<\/strong> atraviesa actualmente uno de los per\u00edodos m\u00e1s inestables de su historia. La agencia se ha encontrado con <strong>un solo comisionado en funciones,<\/strong> una situaci\u00f3n que varios miembros salientes han calificado de peligrosa, evocando incluso el riesgo de un <strong>\u00abFar West financiero\u00bb<\/strong>. En este vac\u00edo regulatorio, el presidente interino ha multiplicado las decisiones unilaterales sin precedentes, creando una <strong>incertidumbre mayor para los mercados de derivados <a href=\"https:\/\/investx.fr\/es\/aprender-criptomonedas\/cripto\/\">cripto<\/a>.<\/strong><\/p>\n\n\n\n<figure class=\"wp-block-embed is-type-rich is-provider-twitter wp-block-embed-twitter\"><div class=\"wp-block-embed__wrapper\">\n<blockquote class=\"twitter-tweet\" data-width=\"500\" data-dnt=\"true\"><p lang=\"en\" dir=\"ltr\">JUST IN: \ud83c\uddfa\ud83c\uddf8 President Trump selects Michael Selig as CFTC chair amid crypto growth. <a href=\"https:\/\/t.co\/VeFZITp8U6\">pic.twitter.com\/VeFZITp8U6<\/a><\/p>&mdash; Bitcoin Magazine (@BitcoinMagazine) <a href=\"https:\/\/twitter.com\/BitcoinMagazine\/status\/1981803171447001436?ref_src=twsrc%5Etfw\">October 24, 2025<\/a><\/blockquote><script async src=\"https:\/\/platform.twitter.com\/widgets.js\" charset=\"utf-8\"><\/script>\n<\/div><\/figure>\n\n\n\n<p>La nominaci\u00f3n inicial de <strong>Brian Quintenz<\/strong> parec\u00eda sin embargo generar consenso. Antiguo comisionado de la CFTC y figura respetada en la industria <a href=\"https:\/\/investx.fr\/es\/noticias-cripto\/blockchain\/\">blockchain<\/a>, Quintenz contaba con el apoyo masivo de los actores principales del sector. Pero los <strong>hermanos Winklevoss<\/strong>, fundadores de Gemini, <strong>lideraron una campa\u00f1a agresiva contra su candidatura.<\/strong> Su oposici\u00f3n feroz finalmente llev\u00f3 a Trump a retirar la nominaci\u00f3n a principios de abril, relanzando el proceso de selecci\u00f3n desde cero.<\/p>\n\n\n\n<p>Este contexto ca\u00f3tico pone de manifiesto las tensiones crecientes entre diferentes visiones de la regulaci\u00f3n crypto. Por un lado, algunos abogan por un <strong>marco estructurado<\/strong> que aportar\u00eda claridad y legitimidad al mercado. Por el otro, una facci\u00f3n prefiere mantener <strong>un marco regulatorio ligero,<\/strong> o incluso debilitado, en nombre de la innovaci\u00f3n y la libertad empresarial.<\/p>\n\n\n\n<h2 class=\"wp-block-heading\" class=\"wp-block-heading\" id=\"michael-selig-un-perfil-sec-que-cambia-las-reglas-del-juego\">Michael Selig: Un perfil SEC que cambia las reglas del juego<\/h2>\n\n\n\n<p><strong>Michael Selig<\/strong> no aparec\u00eda en ninguna lista de candidatos potenciales, lo que hace su selecci\u00f3n a\u00fan m\u00e1s intrigante. Actualmente asesor principal en la SEC, Selig trabaja <strong>en estrecha colaboraci\u00f3n con Paul Atkins,<\/strong> el actual presidente de la Securities and Exchange Commission. Esta relaci\u00f3n privilegiada podr\u00eda constituir su principal baza en su nueva funci\u00f3n.<\/p>\n\n\n\n<p><strong>Su paso por la SEC<\/strong> presagia una posible convergencia entre los dos reguladores financieros principales de Estados Unidos. Hasta ahora, la CFTC y la SEC han adoptado a menudo <strong>enfoques divergentes<\/strong> sobre las criptomonedas, creando una <strong>confusi\u00f3n<\/strong> jur\u00eddica costosa para las empresas. La CFTC trata Bitcoin y <a href=\"https:\/\/investx.fr\/es\/aprender-criptomonedas\/cripto\/ethereum\/\">Ethereum<\/a> como commodities, mientras que la SEC ha considerado durante mucho tiempo la mayor\u00eda de los tokens como securities no registradas.<\/p>\n\n\n\n<p>La llegada de Selig podr\u00eda <strong>marcar un punto de inflexi\u00f3n hacia una coordinaci\u00f3n<\/strong> <strong>reforzada<\/strong> entre estas dos instituciones. Una colaboraci\u00f3n as\u00ed permitir\u00eda establecer directrices coherentes, reduciendo la incertidumbre regulatoria que actualmente frena la adopci\u00f3n institucional. Para los traders y los proyectos DeFi, esto significar\u00eda potencialmente <strong>menos conflictos de jurisdicci\u00f3n<\/strong> y reglas del juego m\u00e1s claras.<\/p>\n\n\n\n<p>Gana <strong><a href=\"https:\/\/investx.fr\/go-bitget\/hugolf\" target=\"_blank\" rel=\"noreferrer noopener nofollow\">10 d\u00f3lares en pocos clics<\/a><\/strong> comprando tus cryptos en Bitget ahora mismo:<\/p>\n\n\n\n<figure class=\"wp-block-image size-full\"><a href=\"https:\/\/investx.fr\/go-bitget\/hugolf\" target=\"_blank\" rel=\"noreferrer noopener\"><img decoding=\"async\" width=\"900\" height=\"200\" src=\"https:\/\/investx.fr\/es\/wp-content\/uploads\/sites\/4\/2025\/10\/Banniere-Bitget-ES1.png\" alt=\"Bitget\" class=\"wp-image-18040\" srcset=\"https:\/\/media.investx.fr\/wp-content\/uploads\/sites\/4\/2025\/10\/Banniere-Bitget-ES1.png 900w, https:\/\/media.investx.fr\/wp-content\/uploads\/sites\/4\/2025\/10\/Banniere-Bitget-ES1-300x67.png 300w, https:\/\/media.investx.fr\/wp-content\/uploads\/sites\/4\/2025\/10\/Banniere-Bitget-ES1-768x171.png 768w\" sizes=\"(max-width: 900px) 100vw, 900px\" \/><\/a><\/figure>\n\n\n\n<h2 class=\"wp-block-heading\" class=\"wp-block-heading\" id=\"que-orientaciones-para-el-mercado-cripto-estadounidense\">\u00bfQu\u00e9 orientaciones para el mercado cripto estadounidense?<\/h2>\n\n\n\n<p>Predecir el enfoque de Selig sigue siendo un ejercicio especulativo en ausencia de declaraciones p\u00fablicas sobre su visi\u00f3n de la regulaci\u00f3n crypto. Su trayectoria en la SEC sugiere una comprensi\u00f3n profunda de los mercados financieros tradicionales, pero nada garantiza que aplicar\u00e1 la misma filosof\u00eda a los activos digitales. El <strong>proceso de confirmaci\u00f3n ante el Senado llevar\u00e1 varios meses,<\/strong> ofreciendo a la industria la oportunidad de analizar sus posiciones durante las audiencias.<\/p>\n\n\n\n<p>Algunos observadores sugieren que su nominaci\u00f3n podr\u00eda satisfacer los objetivos de los hermanos Winklevoss, que parecen <strong>privilegiar un regulador<\/strong> menos intervencionista en lugar de un aliado demasiado estructurante. Otros ven por el contrario <strong>una oportunidad de instaurar un marco equilibrado<\/strong>, protegiendo a los inversores sin asfixiar la innovaci\u00f3n tecnol\u00f3gica.<\/p>\n\n\n\n<p>Para los mercados crypto, el per\u00edodo intermedio sigue marcado por la incertidumbre. Los vol\u00famenes de trading sobre derivados de <strong><a href=\"https:\/\/investx.fr\/es\/noticias-cripto\/bitcoin\/\">Bitcoin<\/a> y Ethereum<\/strong> en las plataformas reguladas estadounidenses contin\u00faan creciendo, a pesar de la indefinici\u00f3n institucional. La comunidad espera que Selig <strong>clarifique r\u00e1pidamente su posici\u00f3n sobre los ETF crypto,<\/strong> los protocolos DeFi, y la clasificaci\u00f3n de los diferentes tipos de tokens. Su confirmaci\u00f3n podr\u00eda <strong>desencadenar un movimiento de subida significativo,<\/strong> con los actores del mercado ajustando sus posiciones en funci\u00f3n de sus primeras declaraciones oficiales.<\/p>\n\n\n\n<p><strong>En el mismo tema:<\/strong><\/p>\n\n\n\n<ul class=\"wp-block-list\">\n<li><a href=\"https:\/\/investx.fr\/es\/noticias-cripto\/por-que-precio-bitcoin-esta-disparandose-hoy\/\">\u00bfPor qu\u00e9 el precio del Bitcoin est\u00e1 dispar\u00e1ndose hoy?<\/a><\/li>\n\n\n\n<li><a href=\"https:\/\/investx.fr\/es\/noticias-cripto\/precio-bitcoin-para-eliminar-38000-mil-millones-dolares\/\">\u00bfA qu\u00e9 precio deber\u00eda llegar el Bitcoin para eliminar los 38 000 mil millones de d\u00f3lares de deuda estadounidense?<\/a><\/li>\n\n\n\n<li><a href=\"https:\/\/investx.fr\/es\/noticias-cripto\/por-que-inversores-prefieren-etf-bitcoin-sobre-ethereum\/\">\u00bfPor qu\u00e9 los inversores prefieren los ETF de Bitcoin sobre los de Ethereum?<\/a><\/li>\n<\/ul>\n","protected":false},"excerpt":{"rendered":"<p>El presidente Trump habr\u00eda elegido a Michael Selig para liderar la CFTC en medio de turbulencias regulatorias en EE.UU. Tras el retiro de Brian Quintenz bajo presi\u00f3n de los Winklevoss, \u00bfc\u00f3mo puede impactar esta decisi\u00f3n en el ecosistema de activos digitales? Descubre qui\u00e9n es Michael Selig y su importancia en el mundo de las criptomonedas.<\/p>\n","protected":false},"author":32,"featured_media":19692,"comment_status":"closed","ping_status":"open","sticky":false,"template":"","format":"standard","meta":{"_acf_changed":false,"_yoast_wpseo_focuskw":"Michael Selig","_yoast_wpseo_title":"Michael Selig, nuevo jefe de la CFTC: \u00bfC\u00f3mo afectar\u00e1 al mercado?","_yoast_wpseo_metadesc":"Descubre c\u00f3mo la designaci\u00f3n de Michael Selig como l\u00edder de la CFTC por Trump afecta la regulaci\u00f3n de criptomonedas en EE. UU. \u00a1Lee m\u00e1s aqu\u00ed!","footnotes":"","faq_titre":"","questions_frequentes":"","custom_permalink":""},"categories":[12,10],"tags":[],"class_list":["post-19693","post","type-post","status-publish","format-standard","has-post-thumbnail","hentry","category-bitcoin","category-noticias-cripto"],"acf":[],"yoast_head":"<!-- This site is optimized with the Yoast SEO plugin v26.4 - https:\/\/yoast.com\/wordpress\/plugins\/seo\/ -->\n<title>Michael Selig, nuevo jefe de la CFTC: \u00bfC\u00f3mo afectar\u00e1 al mercado?<\/title>\n<meta name=\"description\" content=\"Descubre c\u00f3mo la designaci\u00f3n de Michael Selig como l\u00edder de la CFTC por Trump afecta la regulaci\u00f3n de criptomonedas en EE. UU. \u00a1Lee m\u00e1s aqu\u00ed!\" \/>\n<meta name=\"robots\" content=\"index, follow, max-snippet:-1, max-image-preview:large, max-video-preview:-1\" \/>\n<link rel=\"canonical\" href=\"https:\/\/investx.fr\/es\/noticias-cripto\/trump-nombra-michael-selig-que-impacto-tendra-criptos\/\" \/>\n<meta property=\"og:locale\" content=\"es_ES\" \/>\n<meta property=\"og:type\" content=\"article\" \/>\n<meta property=\"og:title\" content=\"Michael Selig, nuevo jefe de la CFTC: \u00bfC\u00f3mo afectar\u00e1 al mercado?\" \/>\n<meta property=\"og:description\" content=\"Descubre c\u00f3mo la designaci\u00f3n de Michael Selig como l\u00edder de la CFTC por Trump afecta la regulaci\u00f3n de criptomonedas en EE. UU. \u00a1Lee m\u00e1s aqu\u00ed!\" \/>\n<meta property=\"og:site_name\" content=\"InvestX \u2013 Noticias Cripto, Gu\u00eda de Trading, An\u00e1lisis de Precios y Pron\u00f3sticos\" \/>\n<meta property=\"article:published_time\" content=\"2025-10-25T08:49:40+00:00\" \/>\n<meta property=\"article:modified_time\" content=\"2025-10-25T08:49:41+00:00\" \/>\n<meta property=\"og:image\" content=\"https:\/\/investx.fr\/es\/wp-content\/uploads\/sites\/4\/2025\/10\/Laction-des-prix-de-Cardano-et-les-niveaux-a-venir-2025-10-25T090641.404.jpg\" \/>\n\t<meta property=\"og:image:width\" content=\"840\" \/>\n\t<meta property=\"og:image:height\" content=\"560\" \/>\n\t<meta property=\"og:image:type\" content=\"image\/jpeg\" \/>\n<meta name=\"author\" content=\"Charles Ledoux\" \/>\n<meta name=\"twitter:card\" content=\"summary_large_image\" \/>\n<meta name=\"twitter:creator\" content=\"@charl3li\" \/>\n<meta name=\"twitter:label1\" content=\"Escrito por\" \/>\n\t<meta name=\"twitter:data1\" content=\"Charles Ledoux\" \/>\n\t<meta name=\"twitter:label2\" content=\"Tiempo de lectura\" \/>\n\t<meta name=\"twitter:data2\" content=\"4 minutos\" \/>\n<script type=\"application\/ld+json\" class=\"yoast-schema-graph\">{\"@context\":\"https:\/\/schema.org\",\"@graph\":[{\"@type\":\"Article\",\"@id\":\"https:\/\/investx.fr\/es\/noticias-cripto\/trump-nombra-michael-selig-que-impacto-tendra-criptos\/#article\",\"isPartOf\":{\"@id\":\"https:\/\/investx.fr\/es\/noticias-cripto\/trump-nombra-michael-selig-que-impacto-tendra-criptos\/\"},\"author\":{\"name\":\"Charles Ledoux\",\"@id\":\"https:\/\/investx.fr\/es\/#\/schema\/person\/a99817b9d097ee5a69e24946de94c23a\"},\"headline\":\"Trump nombra a Michael Selig como jefe de la CFTC: \u00bfQu\u00e9 impacto tendr\u00e1 en las criptos?\",\"datePublished\":\"2025-10-25T08:49:40+00:00\",\"dateModified\":\"2025-10-25T08:49:41+00:00\",\"mainEntityOfPage\":{\"@id\":\"https:\/\/investx.fr\/es\/noticias-cripto\/trump-nombra-michael-selig-que-impacto-tendra-criptos\/\"},\"wordCount\":735,\"publisher\":{\"@id\":\"https:\/\/investx.fr\/es\/#organization\"},\"image\":{\"@id\":\"https:\/\/investx.fr\/es\/noticias-cripto\/trump-nombra-michael-selig-que-impacto-tendra-criptos\/#primaryimage\"},\"thumbnailUrl\":\"https:\/\/media.investx.fr\/wp-content\/uploads\/sites\/4\/2025\/10\/Laction-des-prix-de-Cardano-et-les-niveaux-a-venir-2025-10-25T090641.404.jpg\",\"articleSection\":[\"Bitcoin\",\"Noticias\"],\"inLanguage\":\"es\",\"copyrightYear\":\"2025\",\"copyrightHolder\":{\"@id\":\"https:\/\/investx.fr\/#organization\"}},{\"@type\":\"WebPage\",\"@id\":\"https:\/\/investx.fr\/es\/noticias-cripto\/trump-nombra-michael-selig-que-impacto-tendra-criptos\/\",\"url\":\"https:\/\/investx.fr\/es\/noticias-cripto\/trump-nombra-michael-selig-que-impacto-tendra-criptos\/\",\"name\":\"Michael Selig, nuevo jefe de la CFTC: \u00bfC\u00f3mo afectar\u00e1 al mercado?\",\"isPartOf\":{\"@id\":\"https:\/\/investx.fr\/es\/#website\"},\"primaryImageOfPage\":{\"@id\":\"https:\/\/investx.fr\/es\/noticias-cripto\/trump-nombra-michael-selig-que-impacto-tendra-criptos\/#primaryimage\"},\"image\":{\"@id\":\"https:\/\/investx.fr\/es\/noticias-cripto\/trump-nombra-michael-selig-que-impacto-tendra-criptos\/#primaryimage\"},\"thumbnailUrl\":\"https:\/\/media.investx.fr\/wp-content\/uploads\/sites\/4\/2025\/10\/Laction-des-prix-de-Cardano-et-les-niveaux-a-venir-2025-10-25T090641.404.jpg\",\"datePublished\":\"2025-10-25T08:49:40+00:00\",\"dateModified\":\"2025-10-25T08:49:41+00:00\",\"description\":\"Descubre c\u00f3mo la designaci\u00f3n de Michael Selig como l\u00edder de la CFTC por Trump afecta la regulaci\u00f3n de criptomonedas en EE. UU. \u00a1Lee m\u00e1s aqu\u00ed!\",\"breadcrumb\":{\"@id\":\"https:\/\/investx.fr\/es\/noticias-cripto\/trump-nombra-michael-selig-que-impacto-tendra-criptos\/#breadcrumb\"},\"inLanguage\":\"es\",\"potentialAction\":[{\"@type\":\"ReadAction\",\"target\":[\"https:\/\/investx.fr\/es\/noticias-cripto\/trump-nombra-michael-selig-que-impacto-tendra-criptos\/\"]}]},{\"@type\":\"ImageObject\",\"inLanguage\":\"es\",\"@id\":\"https:\/\/investx.fr\/es\/noticias-cripto\/trump-nombra-michael-selig-que-impacto-tendra-criptos\/#primaryimage\",\"url\":\"https:\/\/media.investx.fr\/wp-content\/uploads\/sites\/4\/2025\/10\/Laction-des-prix-de-Cardano-et-les-niveaux-a-venir-2025-10-25T090641.404.jpg\",\"contentUrl\":\"https:\/\/media.investx.fr\/wp-content\/uploads\/sites\/4\/2025\/10\/Laction-des-prix-de-Cardano-et-les-niveaux-a-venir-2025-10-25T090641.404.jpg\",\"width\":840,\"height\":560,\"caption\":\"Donald Trump rodeado de bitcoins.\"},{\"@type\":\"BreadcrumbList\",\"@id\":\"https:\/\/investx.fr\/es\/noticias-cripto\/trump-nombra-michael-selig-que-impacto-tendra-criptos\/#breadcrumb\",\"itemListElement\":[{\"@type\":\"ListItem\",\"position\":1,\"name\":\"Home\",\"item\":\"https:\/\/investx.fr\/es\/\"},{\"@type\":\"ListItem\",\"position\":2,\"name\":\"Trump nombra a Michael Selig como jefe de la CFTC: \u00bfQu\u00e9 impacto tendr\u00e1 en las criptos?\"}]},{\"@type\":\"WebSite\",\"@id\":\"https:\/\/investx.fr\/es\/#website\",\"url\":\"https:\/\/investx.fr\/es\/\",\"name\":\"InvestX \u2013 Noticias Cripto, Gu\u00eda de Trading, An\u00e1lisis de Precios y Pron\u00f3sticos\",\"description\":\"Noticias cripto diarias y recursos ilimitados sobre criptomonedas, trading, blockchain, DeFi y m\u00e1s.\",\"publisher\":{\"@id\":\"https:\/\/investx.fr\/es\/#organization\"},\"potentialAction\":[{\"@type\":\"SearchAction\",\"target\":{\"@type\":\"EntryPoint\",\"urlTemplate\":\"https:\/\/investx.fr\/es\/?s={search_term_string}\"},\"query-input\":{\"@type\":\"PropertyValueSpecification\",\"valueRequired\":true,\"valueName\":\"search_term_string\"}}],\"inLanguage\":\"es\"},{\"@type\":\"Organization\",\"@id\":\"https:\/\/investx.fr\/es\/#organization\",\"name\":\"InvestX \u2013 Noticias Cripto, Gu\u00eda de Trading, An\u00e1lisis de Precios y Pron\u00f3sticos\",\"url\":\"https:\/\/investx.fr\/es\/\",\"logo\":{\"@type\":\"ImageObject\",\"inLanguage\":\"es\",\"@id\":\"https:\/\/investx.fr\/es\/#\/schema\/logo\/image\/\",\"url\":\"https:\/\/investx.fr\/es\/wp-content\/uploads\/sites\/4\/2025\/02\/investx_logo_tr.png\",\"contentUrl\":\"https:\/\/investx.fr\/es\/wp-content\/uploads\/sites\/4\/2025\/02\/investx_logo_tr.png\",\"width\":1366,\"height\":768,\"caption\":\"InvestX \u2013 Noticias Cripto, Gu\u00eda de Trading, An\u00e1lisis de Precios y Pron\u00f3sticos\"},\"image\":{\"@id\":\"https:\/\/investx.fr\/es\/#\/schema\/logo\/image\/\"}},{\"@type\":\"Person\",\"@id\":\"https:\/\/investx.fr\/es\/#\/schema\/person\/a99817b9d097ee5a69e24946de94c23a\",\"name\":\"Charles Ledoux\",\"image\":{\"@type\":\"ImageObject\",\"inLanguage\":\"es\",\"@id\":\"https:\/\/investx.fr\/es\/#\/schema\/person\/image\/\",\"url\":\"https:\/\/secure.gravatar.com\/avatar\/47d3a48e5bca34238d22886640ecc684e7dd54ad63c435f7005f6b5a1e0ddf8c?s=96&d=mm&r=g\",\"contentUrl\":\"https:\/\/secure.gravatar.com\/avatar\/47d3a48e5bca34238d22886640ecc684e7dd54ad63c435f7005f6b5a1e0ddf8c?s=96&d=mm&r=g\",\"caption\":\"Charles Ledoux\"},\"description\":\"Je suis un analyste sp\u00e9cialis\u00e9 dans les blockchains L1 et leurs fondamentaux comme Bitcoin, Kaspa, Monero, Chainlink ou encore Solana. Je suis \u00e9galement form\u00e9 au trading et \u00e0 l\u2019analyse technique depuis plus d\u2019un an sur le march\u00e9 des cryptomonnaies, mais \u00e9galement sur le forex et les m\u00e9taux pr\u00e9cieux comme l\u2019or ou le silver. J\u2019ai obtenu un dipl\u00f4me de la Crypto Academy sur les fondamentaux techniques du Bitcoin et poss\u00e8de une exp\u00e9rience de plus de 5 ans dans le journalisme et l\u2019\u00e9criture d\u2019articles p\u00e9dagogiques. J\u2019ai notamment \u00e9crit de nombreuses masterclass pour \u00e9duquer les nouveaux venus dans l'industrie et plus de 10 000 articles et news.J\u2019ai \u00e9galement pu interviewer de nombreux fondateurs et cr\u00e9ateurs de projets dans la crypto comme Marc Lebreton (chef marketing de la blockchain SUI), EJ Ayala (Coinbase US et Draftkings), et d\u2019autres projets comme Polyhedra (Eric Vreeland), Usual (Adli Takkal Bataille), ou encore Humanity Protocol (Jade Gu). J\u2019ai plong\u00e9 dans la cryptomonnaie il y a plus de 3 ans et continue de mettre tout en \u0153uvre pour fournir du contenu de qualit\u00e9, avec de l\u2019expertise et la neutralit\u00e9 attendue d\u2019un journaliste. Retrouvez moi aussi sur X pour des analyses et sur Linkedin pour me contacter.\",\"sameAs\":[\"https:\/\/www.linkedin.com\/in\/charles-ledoux-508392239\/\",\"https:\/\/x.com\/charl3li\"],\"url\":\"https:\/\/investx.fr\/es\/author\/charles-ledoux\/\"}]}<\/script>\n<!-- \/ Yoast SEO plugin. -->","yoast_head_json":{"title":"Michael Selig, nuevo jefe de la CFTC: \u00bfC\u00f3mo afectar\u00e1 al mercado?","description":"Descubre c\u00f3mo la designaci\u00f3n de Michael Selig como l\u00edder de la CFTC por Trump afecta la regulaci\u00f3n de criptomonedas en EE. UU. \u00a1Lee m\u00e1s aqu\u00ed!","robots":{"index":"index","follow":"follow","max-snippet":"max-snippet:-1","max-image-preview":"max-image-preview:large","max-video-preview":"max-video-preview:-1"},"canonical":"https:\/\/investx.fr\/es\/noticias-cripto\/trump-nombra-michael-selig-que-impacto-tendra-criptos\/","og_locale":"es_ES","og_type":"article","og_title":"Michael Selig, nuevo jefe de la CFTC: \u00bfC\u00f3mo afectar\u00e1 al mercado?","og_description":"Descubre c\u00f3mo la designaci\u00f3n de Michael Selig como l\u00edder de la CFTC por Trump afecta la regulaci\u00f3n de criptomonedas en EE. UU. \u00a1Lee m\u00e1s aqu\u00ed!","og_site_name":"InvestX \u2013 Noticias Cripto, Gu\u00eda de Trading, An\u00e1lisis de Precios y Pron\u00f3sticos","article_published_time":"2025-10-25T08:49:40+00:00","article_modified_time":"2025-10-25T08:49:41+00:00","og_image":[{"width":840,"height":560,"url":"https:\/\/investx.fr\/es\/wp-content\/uploads\/sites\/4\/2025\/10\/Laction-des-prix-de-Cardano-et-les-niveaux-a-venir-2025-10-25T090641.404.jpg","type":"image\/jpeg"}],"author":"Charles Ledoux","twitter_card":"summary_large_image","twitter_creator":"@charl3li","twitter_misc":{"Escrito por":"Charles Ledoux","Tiempo de lectura":"4 minutos"},"schema":{"@context":"https:\/\/schema.org","@graph":[{"@type":"Article","@id":"https:\/\/investx.fr\/es\/noticias-cripto\/trump-nombra-michael-selig-que-impacto-tendra-criptos\/#article","isPartOf":{"@id":"https:\/\/investx.fr\/es\/noticias-cripto\/trump-nombra-michael-selig-que-impacto-tendra-criptos\/"},"author":{"name":"Charles Ledoux","@id":"https:\/\/investx.fr\/es\/#\/schema\/person\/a99817b9d097ee5a69e24946de94c23a"},"headline":"Trump nombra a Michael Selig como jefe de la CFTC: \u00bfQu\u00e9 impacto tendr\u00e1 en las criptos?","datePublished":"2025-10-25T08:49:40+00:00","dateModified":"2025-10-25T08:49:41+00:00","mainEntityOfPage":{"@id":"https:\/\/investx.fr\/es\/noticias-cripto\/trump-nombra-michael-selig-que-impacto-tendra-criptos\/"},"wordCount":735,"publisher":{"@id":"https:\/\/investx.fr\/es\/#organization"},"image":{"@id":"https:\/\/investx.fr\/es\/noticias-cripto\/trump-nombra-michael-selig-que-impacto-tendra-criptos\/#primaryimage"},"thumbnailUrl":"https:\/\/media.investx.fr\/wp-content\/uploads\/sites\/4\/2025\/10\/Laction-des-prix-de-Cardano-et-les-niveaux-a-venir-2025-10-25T090641.404.jpg","articleSection":["Bitcoin","Noticias"],"inLanguage":"es","copyrightYear":"2025","copyrightHolder":{"@id":"https:\/\/investx.fr\/#organization"}},{"@type":"WebPage","@id":"https:\/\/investx.fr\/es\/noticias-cripto\/trump-nombra-michael-selig-que-impacto-tendra-criptos\/","url":"https:\/\/investx.fr\/es\/noticias-cripto\/trump-nombra-michael-selig-que-impacto-tendra-criptos\/","name":"Michael Selig, nuevo jefe de la CFTC: \u00bfC\u00f3mo afectar\u00e1 al mercado?","isPartOf":{"@id":"https:\/\/investx.fr\/es\/#website"},"primaryImageOfPage":{"@id":"https:\/\/investx.fr\/es\/noticias-cripto\/trump-nombra-michael-selig-que-impacto-tendra-criptos\/#primaryimage"},"image":{"@id":"https:\/\/investx.fr\/es\/noticias-cripto\/trump-nombra-michael-selig-que-impacto-tendra-criptos\/#primaryimage"},"thumbnailUrl":"https:\/\/media.investx.fr\/wp-content\/uploads\/sites\/4\/2025\/10\/Laction-des-prix-de-Cardano-et-les-niveaux-a-venir-2025-10-25T090641.404.jpg","datePublished":"2025-10-25T08:49:40+00:00","dateModified":"2025-10-25T08:49:41+00:00","description":"Descubre c\u00f3mo la designaci\u00f3n de Michael Selig como l\u00edder de la CFTC por Trump afecta la regulaci\u00f3n de criptomonedas en EE. UU. \u00a1Lee m\u00e1s aqu\u00ed!","breadcrumb":{"@id":"https:\/\/investx.fr\/es\/noticias-cripto\/trump-nombra-michael-selig-que-impacto-tendra-criptos\/#breadcrumb"},"inLanguage":"es","potentialAction":[{"@type":"ReadAction","target":["https:\/\/investx.fr\/es\/noticias-cripto\/trump-nombra-michael-selig-que-impacto-tendra-criptos\/"]}]},{"@type":"ImageObject","inLanguage":"es","@id":"https:\/\/investx.fr\/es\/noticias-cripto\/trump-nombra-michael-selig-que-impacto-tendra-criptos\/#primaryimage","url":"https:\/\/media.investx.fr\/wp-content\/uploads\/sites\/4\/2025\/10\/Laction-des-prix-de-Cardano-et-les-niveaux-a-venir-2025-10-25T090641.404.jpg","contentUrl":"https:\/\/media.investx.fr\/wp-content\/uploads\/sites\/4\/2025\/10\/Laction-des-prix-de-Cardano-et-les-niveaux-a-venir-2025-10-25T090641.404.jpg","width":840,"height":560,"caption":"Donald Trump rodeado de bitcoins."},{"@type":"BreadcrumbList","@id":"https:\/\/investx.fr\/es\/noticias-cripto\/trump-nombra-michael-selig-que-impacto-tendra-criptos\/#breadcrumb","itemListElement":[{"@type":"ListItem","position":1,"name":"Home","item":"https:\/\/investx.fr\/es\/"},{"@type":"ListItem","position":2,"name":"Trump nombra a Michael Selig como jefe de la CFTC: \u00bfQu\u00e9 impacto tendr\u00e1 en las criptos?"}]},{"@type":"WebSite","@id":"https:\/\/investx.fr\/es\/#website","url":"https:\/\/investx.fr\/es\/","name":"InvestX \u2013 Noticias Cripto, Gu\u00eda de Trading, An\u00e1lisis de Precios y Pron\u00f3sticos","description":"Noticias cripto diarias y recursos ilimitados sobre criptomonedas, trading, blockchain, DeFi y m\u00e1s.","publisher":{"@id":"https:\/\/investx.fr\/es\/#organization"},"potentialAction":[{"@type":"SearchAction","target":{"@type":"EntryPoint","urlTemplate":"https:\/\/investx.fr\/es\/?s={search_term_string}"},"query-input":{"@type":"PropertyValueSpecification","valueRequired":true,"valueName":"search_term_string"}}],"inLanguage":"es"},{"@type":"Organization","@id":"https:\/\/investx.fr\/es\/#organization","name":"InvestX \u2013 Noticias Cripto, Gu\u00eda de Trading, An\u00e1lisis de Precios y Pron\u00f3sticos","url":"https:\/\/investx.fr\/es\/","logo":{"@type":"ImageObject","inLanguage":"es","@id":"https:\/\/investx.fr\/es\/#\/schema\/logo\/image\/","url":"https:\/\/investx.fr\/es\/wp-content\/uploads\/sites\/4\/2025\/02\/investx_logo_tr.png","contentUrl":"https:\/\/investx.fr\/es\/wp-content\/uploads\/sites\/4\/2025\/02\/investx_logo_tr.png","width":1366,"height":768,"caption":"InvestX \u2013 Noticias Cripto, Gu\u00eda de Trading, An\u00e1lisis de Precios y Pron\u00f3sticos"},"image":{"@id":"https:\/\/investx.fr\/es\/#\/schema\/logo\/image\/"}},{"@type":"Person","@id":"https:\/\/investx.fr\/es\/#\/schema\/person\/a99817b9d097ee5a69e24946de94c23a","name":"Charles Ledoux","image":{"@type":"ImageObject","inLanguage":"es","@id":"https:\/\/investx.fr\/es\/#\/schema\/person\/image\/","url":"https:\/\/secure.gravatar.com\/avatar\/47d3a48e5bca34238d22886640ecc684e7dd54ad63c435f7005f6b5a1e0ddf8c?s=96&d=mm&r=g","contentUrl":"https:\/\/secure.gravatar.com\/avatar\/47d3a48e5bca34238d22886640ecc684e7dd54ad63c435f7005f6b5a1e0ddf8c?s=96&d=mm&r=g","caption":"Charles Ledoux"},"description":"Je suis un analyste sp\u00e9cialis\u00e9 dans les blockchains L1 et leurs fondamentaux comme Bitcoin, Kaspa, Monero, Chainlink ou encore Solana. Je suis \u00e9galement form\u00e9 au trading et \u00e0 l\u2019analyse technique depuis plus d\u2019un an sur le march\u00e9 des cryptomonnaies, mais \u00e9galement sur le forex et les m\u00e9taux pr\u00e9cieux comme l\u2019or ou le silver. J\u2019ai obtenu un dipl\u00f4me de la Crypto Academy sur les fondamentaux techniques du Bitcoin et poss\u00e8de une exp\u00e9rience de plus de 5 ans dans le journalisme et l\u2019\u00e9criture d\u2019articles p\u00e9dagogiques. J\u2019ai notamment \u00e9crit de nombreuses masterclass pour \u00e9duquer les nouveaux venus dans l'industrie et plus de 10 000 articles et news.J\u2019ai \u00e9galement pu interviewer de nombreux fondateurs et cr\u00e9ateurs de projets dans la crypto comme Marc Lebreton (chef marketing de la blockchain SUI), EJ Ayala (Coinbase US et Draftkings), et d\u2019autres projets comme Polyhedra (Eric Vreeland), Usual (Adli Takkal Bataille), ou encore Humanity Protocol (Jade Gu). J\u2019ai plong\u00e9 dans la cryptomonnaie il y a plus de 3 ans et continue de mettre tout en \u0153uvre pour fournir du contenu de qualit\u00e9, avec de l\u2019expertise et la neutralit\u00e9 attendue d\u2019un journaliste. Retrouvez moi aussi sur X pour des analyses et sur Linkedin pour me contacter.","sameAs":["https:\/\/www.linkedin.com\/in\/charles-ledoux-508392239\/","https:\/\/x.com\/charl3li"],"url":"https:\/\/investx.fr\/es\/author\/charles-ledoux\/"}]}},"_links":{"self":[{"href":"https:\/\/investx.fr\/es\/wp-json\/wp\/v2\/posts\/19693","targetHints":{"allow":["GET"]}}],"collection":[{"href":"https:\/\/investx.fr\/es\/wp-json\/wp\/v2\/posts"}],"about":[{"href":"https:\/\/investx.fr\/es\/wp-json\/wp\/v2\/types\/post"}],"author":[{"embeddable":true,"href":"https:\/\/investx.fr\/es\/wp-json\/wp\/v2\/users\/32"}],"replies":[{"embeddable":true,"href":"https:\/\/investx.fr\/es\/wp-json\/wp\/v2\/comments?post=19693"}],"version-history":[{"count":1,"href":"https:\/\/investx.fr\/es\/wp-json\/wp\/v2\/posts\/19693\/revisions"}],"predecessor-version":[{"id":19694,"href":"https:\/\/investx.fr\/es\/wp-json\/wp\/v2\/posts\/19693\/revisions\/19694"}],"wp:featuredmedia":[{"embeddable":true,"href":"https:\/\/investx.fr\/es\/wp-json\/wp\/v2\/media\/19692"}],"wp:attachment":[{"href":"https:\/\/investx.fr\/es\/wp-json\/wp\/v2\/media?parent=19693"}],"wp:term":[{"taxonomy":"category","embeddable":true,"href":"https:\/\/investx.fr\/es\/wp-json\/wp\/v2\/categories?post=19693"},{"taxonomy":"post_tag","embeddable":true,"href":"https:\/\/investx.fr\/es\/wp-json\/wp\/v2\/tags?post=19693"}],"curies":[{"name":"wp","href":"https:\/\/api.w.org\/{rel}","templated":true}]}}