{"id":6501,"date":"2025-05-16T09:30:01","date_gmt":"2025-05-16T09:30:01","guid":{"rendered":"https:\/\/investx.fr\/es\/?p=6501"},"modified":"2025-05-16T09:30:02","modified_gmt":"2025-05-16T09:30:02","slug":"metamask-planea-lanzar-token-mayor-airdrop","status":"publish","type":"post","link":"https:\/\/investx.fr\/es\/noticias-cripto\/metamask-planea-lanzar-token-mayor-airdrop\/","title":{"rendered":"MetaMask planea lanzar su token: \u00bfEl mayor airdrop de la historia del cripto?"},"content":{"rendered":"\n<h2 class=\"wp-block-heading\" class=\"wp-block-heading\" id=\"el-misterio-del-token-nativo-de-metamask\">El misterio del \u00abtoken nativo de MetaMask\u00bb<\/h2>\n\n\n\n<p>Desde 2021, han estado circulando rumores sobre un <strong>\u00abtoken de MetaMask\u00bb<\/strong> (apodado <strong>$MASK<\/strong>) en <a href=\"https:\/\/investx.fr\/es\/aprender-criptomonedas\/cripto\/ethereum\/\">Ethereum<\/a> en el ecosistema <a href=\"https:\/\/investx.fr\/es\/aprender-criptomonedas\/\">cripto<\/a>. Recientemente, uno de los cofundadores de la popular aplicaci\u00f3n insinu\u00f3 que esta posibilidad segu\u00eda en el aire, aunque sin confirmar un calendario concreto.\u00a0<\/p>\n\n\n\n<figure class=\"wp-block-embed is-type-rich is-provider-twitter wp-block-embed-twitter\"><div class=\"wp-block-embed__wrapper\">\n<blockquote class=\"twitter-tweet\" data-width=\"500\" data-dnt=\"true\"><p lang=\"en\" dir=\"ltr\">MetaMask Token Plans Still Uncertain, According To Co-Founder<br><br>MetaMask co-founder Dan Finlay said the wallet is still considering launching a native token, possibly called MASK, though no concrete plans exist yet. Any official token launch would be promoted only through the\u2026 <a href=\"https:\/\/t.co\/95BFQ3mRLq\">pic.twitter.com\/95BFQ3mRLq<\/a><\/p>&mdash; Wendy O (@CryptoWendyO) <a href=\"https:\/\/twitter.com\/CryptoWendyO\/status\/1923075786518491377?ref_src=twsrc%5Etfw\">May 15, 2025<\/a><\/blockquote><script async src=\"https:\/\/platform.twitter.com\/widgets.js\" charset=\"utf-8\"><\/script>\n<\/div><\/figure>\n\n\n\n<p>De hecho, al ser preguntado sobre las intenciones de su empresa, <strong>Dan Finlay,<\/strong> cofundador de MetaMask, simplemente respondi\u00f3: \u00ab<strong>Quiz\u00e1s\u00bb.<\/strong> Esta respuesta lac\u00f3nica ha sido suficiente para reavivar las especulaciones sobre un posible token $MASK, cuya posibilidad se plante\u00f3 por primera vez en 2021.&nbsp;<\/p>\n\n\n\n<p>En aquel entonces, figuras clave del ecosistema ConsenSys (empresa matriz de MetaMask) hab\u00edan mencionado esta posibilidad, sugiriendo que un token podr\u00eda <strong>fortalecer la gobernanza<\/strong> comunitaria de la cartera. Desde entonces, el tema ha permanecido envuelto en cierto misterio, a pesar de algunos indicios alentadores.<\/p>\n\n\n\n<p>Frente a la proliferaci\u00f3n de estafas que aprovechan la reputaci\u00f3n de MetaMask, Finlay quiso tranquilizar a los usuarios: en caso de lanzamiento de un token, las comunicaciones oficiales no utilizar\u00e1n canales dudosos como redes sociales o correos electr\u00f3nicos. Proceder\u00edan directamente <strong>de la aplicaci\u00f3n o del sitio web de MetaMask.<\/strong><\/p>\n\n\n\n<blockquote class=\"wp-block-quote is-layout-flow wp-block-quote-is-layout-flow\">\n<p>\u00abEncontrar\u00e1s el enlace en tu cartera MetaMask. No vendr\u00e1 de una cuenta desconocida en redes sociales\u00bb, aclara.<\/p>\n<\/blockquote>\n\n\n\n<p>Otro aspecto mencionado por Finlay es la evoluci\u00f3n del <strong>marco regulatorio estadounidense<\/strong>, que podr\u00eda volverse m\u00e1s favorable a los lanzamientos de tokens bajo una nueva administraci\u00f3n republicana. Un cambio de paradigma que, seg\u00fan \u00e9l, representar\u00eda \u00abuna oportunidad \u00fanica para ampliar los l\u00edmites\u00bb de la Web3.<\/p>\n\n\n\n<div class=\"wp-block-buttons is-layout-flex wp-block-buttons-is-layout-flex\">\n<div class=\"wp-block-button\"><a class=\"wp-block-button__link wp-element-button\" href=\"https:\/\/t.me\/+TNBX8ef96gdjMGFk\" target=\"_blank\" rel=\"noreferrer noopener nofollow\">\u00a1No te pierdas ninguna noticia del mercado cripto: suscr\u00edbete a nuestra cuenta Telegraml!<\/a><\/div>\n<\/div>\n\n\n\n<h2 class=\"wp-block-heading\" class=\"wp-block-heading\" id=\"que-impacto-tendria-en-el-ecosistema-ethereum\">\u00bfQu\u00e9 impacto tendr\u00eda en el ecosistema Ethereum?<\/h2>\n\n\n\n<p>Si MetaMask da el paso hacia un token nativo, podr\u00eda tener repercusiones importantes en la <strong>adopci\u00f3n<\/strong> de la gobernanza descentralizada, la retenci\u00f3n de usuarios o la integraci\u00f3n m\u00e1s estrecha con otros productos de ConsenSys como <strong>Linea e Infura.<\/strong> Finlay tambi\u00e9n confirm\u00f3 la integraci\u00f3n de <strong><a href=\"https:\/\/investx.fr\/es\/aprender-criptomonedas\/cripto\/solana\/\">Solana<\/a><\/strong> durante este mes de mayo.<\/p>\n\n\n\n<figure class=\"wp-block-embed is-type-rich is-provider-twitter wp-block-embed-twitter\"><div class=\"wp-block-embed__wrapper\">\n<blockquote class=\"twitter-tweet\" data-width=\"500\" data-dnt=\"true\"><p lang=\"en\" dir=\"ltr\">\ud83d\udd25 NEW: Metamask co-founder confirms native <a href=\"https:\/\/twitter.com\/search?q=%24SOL&amp;src=ctag&amp;ref_src=twsrc%5Etfw\">$SOL<\/a> support is coming this May. <a href=\"https:\/\/t.co\/2U0GHEIFdB\">pic.twitter.com\/2U0GHEIFdB<\/a><\/p>&mdash; Cointelegraph (@Cointelegraph) <a href=\"https:\/\/twitter.com\/Cointelegraph\/status\/1923014756241129769?ref_src=twsrc%5Etfw\">May 15, 2025<\/a><\/blockquote><script async src=\"https:\/\/platform.twitter.com\/widgets.js\" charset=\"utf-8\"><\/script>\n<\/div><\/figure>\n\n\n\n<p>Al vincular directamente el token a la cartera, MetaMask tambi\u00e9n reforzar\u00eda su \u00abenfoque centrado en la cartera\u00bb, mejorando as\u00ed la experiencia de usuario en general.<\/p>\n\n\n\n<p>A pesar de la incertidumbre persistente, la mera menci\u00f3n de un token de MetaMask despierta <strong>el entusiasmo<\/strong> de la comunidad cripto. Su lanzamiento marcar\u00eda un cambio estrat\u00e9gico importante, situando la cartera como un actor central en la Web3 m\u00e1s all\u00e1 de ser solo una herramienta de acceso.<\/p>\n\n\n\n<p>Por ahora, es prudente ser cautelosos. Sin embargo, sin duda las pr\u00f3ximas noticias de MetaMask ser\u00e1n seguidas con gran atenci\u00f3n.<\/p>\n\n\n\n<div class=\"wp-block-buttons is-layout-flex wp-block-buttons-is-layout-flex\">\n<div class=\"wp-block-button\"><a class=\"wp-block-button__link wp-element-button\" href=\"https:\/\/investx.fr\/go-bitget\" target=\"_blank\" rel=\"noreferrer noopener nofollow\">\u00a1Compra tus tokens en Bitget y recibe 10 d\u00f3lares!<\/a><\/div>\n<\/div>\n\n\n\n<p><strong>En el mismo tema:<\/strong><\/p>\n\n\n\n<ul class=\"wp-block-list\">\n<li><a href=\"https:\/\/investx.fr\/es\/noticias-cripto\/empresas-ansiosas-bitcoin-quien-poseera-btc\/\">Empresas ansiosas por Bitcoin: \u00bfQui\u00e9n poseer\u00e1 m\u00e1s BTC en mayo de 2025?<\/a><\/li>\n\n\n\n<li><a href=\"https:\/\/investx.fr\/es\/noticias-cripto\/sui-correccion-simple-pausa-antes-alza-historica\/\">SUI: \u00bfCorrecci\u00f3n o simple pausa antes de un alza hist\u00f3rica?<\/a><\/li>\n\n\n\n<li><a href=\"https:\/\/investx.fr\/es\/noticias-cripto\/ethereum-superar-5000-dolares\/\">\u00bfEthereum est\u00e1 a punto de superar los 5,000 $ antes de que acabe el a\u00f1o?<\/a><\/li>\n<\/ul>\n","protected":false},"excerpt":{"rendered":"<p>\u00bfMetaMask planea lanzar su propio token $MASK? Las especulaciones aumentan con las declaraciones enigm\u00e1ticas de sus fundadores. Este proyecto podr\u00eda revolucionar la gobernanza y la adopci\u00f3n del principal monedero del Web3.<\/p>\n","protected":false},"author":32,"featured_media":6500,"comment_status":"closed","ping_status":"open","sticky":false,"template":"","format":"standard","meta":{"_acf_changed":false,"_yoast_wpseo_focuskw":"MetaMask","_yoast_wpseo_title":"MetaMask lanzar\u00e1 su token: \u00bfEl mayor airdrop de la historia?","_yoast_wpseo_metadesc":"\u00bfEst\u00e1 MetaMask planeando lanzar su propio token $MASK? Descubre los \u00faltimos anuncios, las regulaciones pertinentes y posibles consecuencias.","footnotes":"","faq_titre":"","questions_frequentes":"","custom_permalink":""},"categories":[11,10],"tags":[],"class_list":["post-6501","post","type-post","status-publish","format-standard","has-post-thumbnail","hentry","category-altcoins","category-noticias-cripto"],"acf":[],"yoast_head":"<!-- This site is optimized with the Yoast SEO plugin v26.4 - https:\/\/yoast.com\/wordpress\/plugins\/seo\/ -->\n<title>MetaMask lanzar\u00e1 su token: \u00bfEl mayor airdrop de la historia?<\/title>\n<meta name=\"description\" content=\"\u00bfEst\u00e1 MetaMask planeando lanzar su propio token $MASK? Descubre los \u00faltimos anuncios, las regulaciones pertinentes y posibles consecuencias.\" \/>\n<meta name=\"robots\" content=\"index, follow, max-snippet:-1, max-image-preview:large, max-video-preview:-1\" \/>\n<link rel=\"canonical\" href=\"https:\/\/investx.fr\/es\/noticias-cripto\/metamask-planea-lanzar-token-mayor-airdrop\/\" \/>\n<meta property=\"og:locale\" content=\"es_ES\" \/>\n<meta property=\"og:type\" content=\"article\" \/>\n<meta property=\"og:title\" content=\"MetaMask lanzar\u00e1 su token: \u00bfEl mayor airdrop de la historia?\" \/>\n<meta property=\"og:description\" content=\"\u00bfEst\u00e1 MetaMask planeando lanzar su propio token $MASK? Descubre los \u00faltimos anuncios, las regulaciones pertinentes y posibles consecuencias.\" \/>\n<meta property=\"og:site_name\" content=\"InvestX \u2013 Noticias Cripto, Gu\u00eda de Trading, An\u00e1lisis de Precios y Pron\u00f3sticos\" \/>\n<meta property=\"article:published_time\" content=\"2025-05-16T09:30:01+00:00\" \/>\n<meta property=\"article:modified_time\" content=\"2025-05-16T09:30:02+00:00\" \/>\n<meta property=\"og:image\" content=\"https:\/\/investx.fr\/es\/wp-content\/uploads\/sites\/4\/2025\/05\/cover-metamask-airdropfile.jpeg\" \/>\n\t<meta property=\"og:image:width\" content=\"840\" \/>\n\t<meta property=\"og:image:height\" content=\"560\" \/>\n\t<meta property=\"og:image:type\" content=\"image\/jpeg\" \/>\n<meta name=\"author\" content=\"Charles Ledoux\" \/>\n<meta name=\"twitter:card\" content=\"summary_large_image\" \/>\n<meta name=\"twitter:creator\" content=\"@charl3li\" \/>\n<meta name=\"twitter:label1\" content=\"Escrito por\" \/>\n\t<meta name=\"twitter:data1\" content=\"Charles Ledoux\" \/>\n\t<meta name=\"twitter:label2\" content=\"Tiempo de lectura\" \/>\n\t<meta name=\"twitter:data2\" content=\"3 minutos\" \/>\n<script type=\"application\/ld+json\" class=\"yoast-schema-graph\">{\"@context\":\"https:\/\/schema.org\",\"@graph\":[{\"@type\":\"Article\",\"@id\":\"https:\/\/investx.fr\/es\/noticias-cripto\/metamask-planea-lanzar-token-mayor-airdrop\/#article\",\"isPartOf\":{\"@id\":\"https:\/\/investx.fr\/es\/noticias-cripto\/metamask-planea-lanzar-token-mayor-airdrop\/\"},\"author\":{\"name\":\"Charles Ledoux\",\"@id\":\"https:\/\/investx.fr\/es\/#\/schema\/person\/a99817b9d097ee5a69e24946de94c23a\"},\"headline\":\"MetaMask planea lanzar su token: \u00bfEl mayor airdrop de la historia del cripto?\",\"datePublished\":\"2025-05-16T09:30:01+00:00\",\"dateModified\":\"2025-05-16T09:30:02+00:00\",\"mainEntityOfPage\":{\"@id\":\"https:\/\/investx.fr\/es\/noticias-cripto\/metamask-planea-lanzar-token-mayor-airdrop\/\"},\"wordCount\":521,\"publisher\":{\"@id\":\"https:\/\/investx.fr\/es\/#organization\"},\"image\":{\"@id\":\"https:\/\/investx.fr\/es\/noticias-cripto\/metamask-planea-lanzar-token-mayor-airdrop\/#primaryimage\"},\"thumbnailUrl\":\"https:\/\/media.investx.fr\/wp-content\/uploads\/sites\/4\/2025\/05\/cover-metamask-airdropfile.jpeg\",\"articleSection\":[\"Altcoins\",\"Noticias\"],\"inLanguage\":\"es\",\"copyrightYear\":\"2025\",\"copyrightHolder\":{\"@id\":\"https:\/\/investx.fr\/#organization\"}},{\"@type\":\"WebPage\",\"@id\":\"https:\/\/investx.fr\/es\/noticias-cripto\/metamask-planea-lanzar-token-mayor-airdrop\/\",\"url\":\"https:\/\/investx.fr\/es\/noticias-cripto\/metamask-planea-lanzar-token-mayor-airdrop\/\",\"name\":\"MetaMask lanzar\u00e1 su token: \u00bfEl mayor airdrop de la historia?\",\"isPartOf\":{\"@id\":\"https:\/\/investx.fr\/es\/#website\"},\"primaryImageOfPage\":{\"@id\":\"https:\/\/investx.fr\/es\/noticias-cripto\/metamask-planea-lanzar-token-mayor-airdrop\/#primaryimage\"},\"image\":{\"@id\":\"https:\/\/investx.fr\/es\/noticias-cripto\/metamask-planea-lanzar-token-mayor-airdrop\/#primaryimage\"},\"thumbnailUrl\":\"https:\/\/media.investx.fr\/wp-content\/uploads\/sites\/4\/2025\/05\/cover-metamask-airdropfile.jpeg\",\"datePublished\":\"2025-05-16T09:30:01+00:00\",\"dateModified\":\"2025-05-16T09:30:02+00:00\",\"description\":\"\u00bfEst\u00e1 MetaMask planeando lanzar su propio token $MASK? Descubre los \u00faltimos anuncios, las regulaciones pertinentes y posibles consecuencias.\",\"breadcrumb\":{\"@id\":\"https:\/\/investx.fr\/es\/noticias-cripto\/metamask-planea-lanzar-token-mayor-airdrop\/#breadcrumb\"},\"inLanguage\":\"es\",\"potentialAction\":[{\"@type\":\"ReadAction\",\"target\":[\"https:\/\/investx.fr\/es\/noticias-cripto\/metamask-planea-lanzar-token-mayor-airdrop\/\"]}]},{\"@type\":\"ImageObject\",\"inLanguage\":\"es\",\"@id\":\"https:\/\/investx.fr\/es\/noticias-cripto\/metamask-planea-lanzar-token-mayor-airdrop\/#primaryimage\",\"url\":\"https:\/\/media.investx.fr\/wp-content\/uploads\/sites\/4\/2025\/05\/cover-metamask-airdropfile.jpeg\",\"contentUrl\":\"https:\/\/media.investx.fr\/wp-content\/uploads\/sites\/4\/2025\/05\/cover-metamask-airdropfile.jpeg\",\"width\":840,\"height\":560,\"caption\":\"Airdrop de Metamask: \u00a1No te lo pierdas!\"},{\"@type\":\"BreadcrumbList\",\"@id\":\"https:\/\/investx.fr\/es\/noticias-cripto\/metamask-planea-lanzar-token-mayor-airdrop\/#breadcrumb\",\"itemListElement\":[{\"@type\":\"ListItem\",\"position\":1,\"name\":\"Home\",\"item\":\"https:\/\/investx.fr\/es\/\"},{\"@type\":\"ListItem\",\"position\":2,\"name\":\"MetaMask planea lanzar su token: \u00bfEl mayor airdrop de la historia del cripto?\"}]},{\"@type\":\"WebSite\",\"@id\":\"https:\/\/investx.fr\/es\/#website\",\"url\":\"https:\/\/investx.fr\/es\/\",\"name\":\"InvestX \u2013 Noticias Cripto, Gu\u00eda de Trading, An\u00e1lisis de Precios y Pron\u00f3sticos\",\"description\":\"Noticias cripto diarias y recursos ilimitados sobre criptomonedas, trading, blockchain, DeFi y m\u00e1s.\",\"publisher\":{\"@id\":\"https:\/\/investx.fr\/es\/#organization\"},\"potentialAction\":[{\"@type\":\"SearchAction\",\"target\":{\"@type\":\"EntryPoint\",\"urlTemplate\":\"https:\/\/investx.fr\/es\/?s={search_term_string}\"},\"query-input\":{\"@type\":\"PropertyValueSpecification\",\"valueRequired\":true,\"valueName\":\"search_term_string\"}}],\"inLanguage\":\"es\"},{\"@type\":\"Organization\",\"@id\":\"https:\/\/investx.fr\/es\/#organization\",\"name\":\"InvestX \u2013 Noticias Cripto, Gu\u00eda de Trading, An\u00e1lisis de Precios y Pron\u00f3sticos\",\"url\":\"https:\/\/investx.fr\/es\/\",\"logo\":{\"@type\":\"ImageObject\",\"inLanguage\":\"es\",\"@id\":\"https:\/\/investx.fr\/es\/#\/schema\/logo\/image\/\",\"url\":\"https:\/\/investx.fr\/es\/wp-content\/uploads\/sites\/4\/2025\/02\/investx_logo_tr.png\",\"contentUrl\":\"https:\/\/investx.fr\/es\/wp-content\/uploads\/sites\/4\/2025\/02\/investx_logo_tr.png\",\"width\":1366,\"height\":768,\"caption\":\"InvestX \u2013 Noticias Cripto, Gu\u00eda de Trading, An\u00e1lisis de Precios y Pron\u00f3sticos\"},\"image\":{\"@id\":\"https:\/\/investx.fr\/es\/#\/schema\/logo\/image\/\"}},{\"@type\":\"Person\",\"@id\":\"https:\/\/investx.fr\/es\/#\/schema\/person\/a99817b9d097ee5a69e24946de94c23a\",\"name\":\"Charles Ledoux\",\"image\":{\"@type\":\"ImageObject\",\"inLanguage\":\"es\",\"@id\":\"https:\/\/investx.fr\/es\/#\/schema\/person\/image\/\",\"url\":\"https:\/\/secure.gravatar.com\/avatar\/47d3a48e5bca34238d22886640ecc684e7dd54ad63c435f7005f6b5a1e0ddf8c?s=96&d=mm&r=g\",\"contentUrl\":\"https:\/\/secure.gravatar.com\/avatar\/47d3a48e5bca34238d22886640ecc684e7dd54ad63c435f7005f6b5a1e0ddf8c?s=96&d=mm&r=g\",\"caption\":\"Charles Ledoux\"},\"description\":\"Je suis un analyste sp\u00e9cialis\u00e9 dans les blockchains L1 et leurs fondamentaux comme Bitcoin, Kaspa, Monero, Chainlink ou encore Solana. Je suis \u00e9galement form\u00e9 au trading et \u00e0 l\u2019analyse technique depuis plus d\u2019un an sur le march\u00e9 des cryptomonnaies, mais \u00e9galement sur le forex et les m\u00e9taux pr\u00e9cieux comme l\u2019or ou le silver. J\u2019ai obtenu un dipl\u00f4me de la Crypto Academy sur les fondamentaux techniques du Bitcoin et poss\u00e8de une exp\u00e9rience de plus de 5 ans dans le journalisme et l\u2019\u00e9criture d\u2019articles p\u00e9dagogiques. J\u2019ai notamment \u00e9crit de nombreuses masterclass pour \u00e9duquer les nouveaux venus dans l'industrie et plus de 10 000 articles et news.J\u2019ai \u00e9galement pu interviewer de nombreux fondateurs et cr\u00e9ateurs de projets dans la crypto comme Marc Lebreton (chef marketing de la blockchain SUI), EJ Ayala (Coinbase US et Draftkings), et d\u2019autres projets comme Polyhedra (Eric Vreeland), Usual (Adli Takkal Bataille), ou encore Humanity Protocol (Jade Gu). J\u2019ai plong\u00e9 dans la cryptomonnaie il y a plus de 3 ans et continue de mettre tout en \u0153uvre pour fournir du contenu de qualit\u00e9, avec de l\u2019expertise et la neutralit\u00e9 attendue d\u2019un journaliste. Retrouvez moi aussi sur X pour des analyses et sur Linkedin pour me contacter.\",\"sameAs\":[\"https:\/\/www.linkedin.com\/in\/charles-ledoux-508392239\/\",\"https:\/\/x.com\/charl3li\"],\"url\":\"https:\/\/investx.fr\/es\/author\/charles-ledoux\/\"}]}<\/script>\n<!-- \/ Yoast SEO plugin. -->","yoast_head_json":{"title":"MetaMask lanzar\u00e1 su token: \u00bfEl mayor airdrop de la historia?","description":"\u00bfEst\u00e1 MetaMask planeando lanzar su propio token $MASK? Descubre los \u00faltimos anuncios, las regulaciones pertinentes y posibles consecuencias.","robots":{"index":"index","follow":"follow","max-snippet":"max-snippet:-1","max-image-preview":"max-image-preview:large","max-video-preview":"max-video-preview:-1"},"canonical":"https:\/\/investx.fr\/es\/noticias-cripto\/metamask-planea-lanzar-token-mayor-airdrop\/","og_locale":"es_ES","og_type":"article","og_title":"MetaMask lanzar\u00e1 su token: \u00bfEl mayor airdrop de la historia?","og_description":"\u00bfEst\u00e1 MetaMask planeando lanzar su propio token $MASK? Descubre los \u00faltimos anuncios, las regulaciones pertinentes y posibles consecuencias.","og_site_name":"InvestX \u2013 Noticias Cripto, Gu\u00eda de Trading, An\u00e1lisis de Precios y Pron\u00f3sticos","article_published_time":"2025-05-16T09:30:01+00:00","article_modified_time":"2025-05-16T09:30:02+00:00","og_image":[{"width":840,"height":560,"url":"https:\/\/investx.fr\/es\/wp-content\/uploads\/sites\/4\/2025\/05\/cover-metamask-airdropfile.jpeg","type":"image\/jpeg"}],"author":"Charles Ledoux","twitter_card":"summary_large_image","twitter_creator":"@charl3li","twitter_misc":{"Escrito por":"Charles Ledoux","Tiempo de lectura":"3 minutos"},"schema":{"@context":"https:\/\/schema.org","@graph":[{"@type":"Article","@id":"https:\/\/investx.fr\/es\/noticias-cripto\/metamask-planea-lanzar-token-mayor-airdrop\/#article","isPartOf":{"@id":"https:\/\/investx.fr\/es\/noticias-cripto\/metamask-planea-lanzar-token-mayor-airdrop\/"},"author":{"name":"Charles Ledoux","@id":"https:\/\/investx.fr\/es\/#\/schema\/person\/a99817b9d097ee5a69e24946de94c23a"},"headline":"MetaMask planea lanzar su token: \u00bfEl mayor airdrop de la historia del cripto?","datePublished":"2025-05-16T09:30:01+00:00","dateModified":"2025-05-16T09:30:02+00:00","mainEntityOfPage":{"@id":"https:\/\/investx.fr\/es\/noticias-cripto\/metamask-planea-lanzar-token-mayor-airdrop\/"},"wordCount":521,"publisher":{"@id":"https:\/\/investx.fr\/es\/#organization"},"image":{"@id":"https:\/\/investx.fr\/es\/noticias-cripto\/metamask-planea-lanzar-token-mayor-airdrop\/#primaryimage"},"thumbnailUrl":"https:\/\/media.investx.fr\/wp-content\/uploads\/sites\/4\/2025\/05\/cover-metamask-airdropfile.jpeg","articleSection":["Altcoins","Noticias"],"inLanguage":"es","copyrightYear":"2025","copyrightHolder":{"@id":"https:\/\/investx.fr\/#organization"}},{"@type":"WebPage","@id":"https:\/\/investx.fr\/es\/noticias-cripto\/metamask-planea-lanzar-token-mayor-airdrop\/","url":"https:\/\/investx.fr\/es\/noticias-cripto\/metamask-planea-lanzar-token-mayor-airdrop\/","name":"MetaMask lanzar\u00e1 su token: \u00bfEl mayor airdrop de la historia?","isPartOf":{"@id":"https:\/\/investx.fr\/es\/#website"},"primaryImageOfPage":{"@id":"https:\/\/investx.fr\/es\/noticias-cripto\/metamask-planea-lanzar-token-mayor-airdrop\/#primaryimage"},"image":{"@id":"https:\/\/investx.fr\/es\/noticias-cripto\/metamask-planea-lanzar-token-mayor-airdrop\/#primaryimage"},"thumbnailUrl":"https:\/\/media.investx.fr\/wp-content\/uploads\/sites\/4\/2025\/05\/cover-metamask-airdropfile.jpeg","datePublished":"2025-05-16T09:30:01+00:00","dateModified":"2025-05-16T09:30:02+00:00","description":"\u00bfEst\u00e1 MetaMask planeando lanzar su propio token $MASK? Descubre los \u00faltimos anuncios, las regulaciones pertinentes y posibles consecuencias.","breadcrumb":{"@id":"https:\/\/investx.fr\/es\/noticias-cripto\/metamask-planea-lanzar-token-mayor-airdrop\/#breadcrumb"},"inLanguage":"es","potentialAction":[{"@type":"ReadAction","target":["https:\/\/investx.fr\/es\/noticias-cripto\/metamask-planea-lanzar-token-mayor-airdrop\/"]}]},{"@type":"ImageObject","inLanguage":"es","@id":"https:\/\/investx.fr\/es\/noticias-cripto\/metamask-planea-lanzar-token-mayor-airdrop\/#primaryimage","url":"https:\/\/media.investx.fr\/wp-content\/uploads\/sites\/4\/2025\/05\/cover-metamask-airdropfile.jpeg","contentUrl":"https:\/\/media.investx.fr\/wp-content\/uploads\/sites\/4\/2025\/05\/cover-metamask-airdropfile.jpeg","width":840,"height":560,"caption":"Airdrop de Metamask: \u00a1No te lo pierdas!"},{"@type":"BreadcrumbList","@id":"https:\/\/investx.fr\/es\/noticias-cripto\/metamask-planea-lanzar-token-mayor-airdrop\/#breadcrumb","itemListElement":[{"@type":"ListItem","position":1,"name":"Home","item":"https:\/\/investx.fr\/es\/"},{"@type":"ListItem","position":2,"name":"MetaMask planea lanzar su token: \u00bfEl mayor airdrop de la historia del cripto?"}]},{"@type":"WebSite","@id":"https:\/\/investx.fr\/es\/#website","url":"https:\/\/investx.fr\/es\/","name":"InvestX \u2013 Noticias Cripto, Gu\u00eda de Trading, An\u00e1lisis de Precios y Pron\u00f3sticos","description":"Noticias cripto diarias y recursos ilimitados sobre criptomonedas, trading, blockchain, DeFi y m\u00e1s.","publisher":{"@id":"https:\/\/investx.fr\/es\/#organization"},"potentialAction":[{"@type":"SearchAction","target":{"@type":"EntryPoint","urlTemplate":"https:\/\/investx.fr\/es\/?s={search_term_string}"},"query-input":{"@type":"PropertyValueSpecification","valueRequired":true,"valueName":"search_term_string"}}],"inLanguage":"es"},{"@type":"Organization","@id":"https:\/\/investx.fr\/es\/#organization","name":"InvestX \u2013 Noticias Cripto, Gu\u00eda de Trading, An\u00e1lisis de Precios y Pron\u00f3sticos","url":"https:\/\/investx.fr\/es\/","logo":{"@type":"ImageObject","inLanguage":"es","@id":"https:\/\/investx.fr\/es\/#\/schema\/logo\/image\/","url":"https:\/\/investx.fr\/es\/wp-content\/uploads\/sites\/4\/2025\/02\/investx_logo_tr.png","contentUrl":"https:\/\/investx.fr\/es\/wp-content\/uploads\/sites\/4\/2025\/02\/investx_logo_tr.png","width":1366,"height":768,"caption":"InvestX \u2013 Noticias Cripto, Gu\u00eda de Trading, An\u00e1lisis de Precios y Pron\u00f3sticos"},"image":{"@id":"https:\/\/investx.fr\/es\/#\/schema\/logo\/image\/"}},{"@type":"Person","@id":"https:\/\/investx.fr\/es\/#\/schema\/person\/a99817b9d097ee5a69e24946de94c23a","name":"Charles Ledoux","image":{"@type":"ImageObject","inLanguage":"es","@id":"https:\/\/investx.fr\/es\/#\/schema\/person\/image\/","url":"https:\/\/secure.gravatar.com\/avatar\/47d3a48e5bca34238d22886640ecc684e7dd54ad63c435f7005f6b5a1e0ddf8c?s=96&d=mm&r=g","contentUrl":"https:\/\/secure.gravatar.com\/avatar\/47d3a48e5bca34238d22886640ecc684e7dd54ad63c435f7005f6b5a1e0ddf8c?s=96&d=mm&r=g","caption":"Charles Ledoux"},"description":"Je suis un analyste sp\u00e9cialis\u00e9 dans les blockchains L1 et leurs fondamentaux comme Bitcoin, Kaspa, Monero, Chainlink ou encore Solana. Je suis \u00e9galement form\u00e9 au trading et \u00e0 l\u2019analyse technique depuis plus d\u2019un an sur le march\u00e9 des cryptomonnaies, mais \u00e9galement sur le forex et les m\u00e9taux pr\u00e9cieux comme l\u2019or ou le silver. J\u2019ai obtenu un dipl\u00f4me de la Crypto Academy sur les fondamentaux techniques du Bitcoin et poss\u00e8de une exp\u00e9rience de plus de 5 ans dans le journalisme et l\u2019\u00e9criture d\u2019articles p\u00e9dagogiques. J\u2019ai notamment \u00e9crit de nombreuses masterclass pour \u00e9duquer les nouveaux venus dans l'industrie et plus de 10 000 articles et news.J\u2019ai \u00e9galement pu interviewer de nombreux fondateurs et cr\u00e9ateurs de projets dans la crypto comme Marc Lebreton (chef marketing de la blockchain SUI), EJ Ayala (Coinbase US et Draftkings), et d\u2019autres projets comme Polyhedra (Eric Vreeland), Usual (Adli Takkal Bataille), ou encore Humanity Protocol (Jade Gu). J\u2019ai plong\u00e9 dans la cryptomonnaie il y a plus de 3 ans et continue de mettre tout en \u0153uvre pour fournir du contenu de qualit\u00e9, avec de l\u2019expertise et la neutralit\u00e9 attendue d\u2019un journaliste. Retrouvez moi aussi sur X pour des analyses et sur Linkedin pour me contacter.","sameAs":["https:\/\/www.linkedin.com\/in\/charles-ledoux-508392239\/","https:\/\/x.com\/charl3li"],"url":"https:\/\/investx.fr\/es\/author\/charles-ledoux\/"}]}},"_links":{"self":[{"href":"https:\/\/investx.fr\/es\/wp-json\/wp\/v2\/posts\/6501","targetHints":{"allow":["GET"]}}],"collection":[{"href":"https:\/\/investx.fr\/es\/wp-json\/wp\/v2\/posts"}],"about":[{"href":"https:\/\/investx.fr\/es\/wp-json\/wp\/v2\/types\/post"}],"author":[{"embeddable":true,"href":"https:\/\/investx.fr\/es\/wp-json\/wp\/v2\/users\/32"}],"replies":[{"embeddable":true,"href":"https:\/\/investx.fr\/es\/wp-json\/wp\/v2\/comments?post=6501"}],"version-history":[{"count":1,"href":"https:\/\/investx.fr\/es\/wp-json\/wp\/v2\/posts\/6501\/revisions"}],"predecessor-version":[{"id":6502,"href":"https:\/\/investx.fr\/es\/wp-json\/wp\/v2\/posts\/6501\/revisions\/6502"}],"wp:featuredmedia":[{"embeddable":true,"href":"https:\/\/investx.fr\/es\/wp-json\/wp\/v2\/media\/6500"}],"wp:attachment":[{"href":"https:\/\/investx.fr\/es\/wp-json\/wp\/v2\/media?parent=6501"}],"wp:term":[{"taxonomy":"category","embeddable":true,"href":"https:\/\/investx.fr\/es\/wp-json\/wp\/v2\/categories?post=6501"},{"taxonomy":"post_tag","embeddable":true,"href":"https:\/\/investx.fr\/es\/wp-json\/wp\/v2\/tags?post=6501"}],"curies":[{"name":"wp","href":"https:\/\/api.w.org\/{rel}","templated":true}]}}