{"id":90539,"date":"2025-03-07T10:44:39","date_gmt":"2025-03-07T10:44:39","guid":{"rendered":"https:\/\/investx.fr\/pt\/?p=90539"},"modified":"2025-03-07T10:44:39","modified_gmt":"2025-03-07T10:44:39","slug":"ftx-destaque-sbf-atualiza-prisao","status":"publish","type":"post","link":"https:\/\/investx.fr\/pt\/noticias-cripto\/ftx-destaque-sbf-atualiza-prisao\/","title":{"rendered":"FTX em Destaque : SBF Atualiza de Dentro da Pris\u00e3o"},"content":{"rendered":"\n<h2 class=\"wp-block-heading\" class=\"wp-block-heading\" id=\"a-queda-vertiginosa-de-sam-bankman-fried\"><strong>A Queda Vertiginosa de Sam Bankman-Fried<\/strong><\/h2>\n\n\n\n<p>SBF foi uma das figuras mais influentes no mundo das <a href=\"https:\/\/investx.fr\/pt\/investir-criptomoedas\/\">criptomoedas<\/a>, elevado \u00e0 categoria de bilion\u00e1rio e aclamado como o novo rosto das finan\u00e7as descentralizadas.<\/p>\n\n\n\n<figure class=\"wp-block-embed is-type-rich is-provider-twitter wp-block-embed-twitter\"><div class=\"wp-block-embed__wrapper\">\n<blockquote class=\"twitter-tweet\" data-width=\"500\" data-dnt=\"true\"><p lang=\"en\" dir=\"ltr\">Sam Bankman-Fried is doing 25 years behind bars, and is now sharing a cell block with Diddy. He joins us from prison for an update on his new life.<br><br>(0:00) What Has Prison Been Like?<br>(2:28) Was SBF Ever on Adderall?<br>(4:42) SBF Meeting Diddy in Prison<br>(7:01) How Prison Has Changed\u2026 <a href=\"https:\/\/t.co\/mNSNktLibg\">pic.twitter.com\/mNSNktLibg<\/a><\/p>&mdash; Tucker Carlson (@TuckerCarlson) <a href=\"https:\/\/twitter.com\/TuckerCarlson\/status\/1897709140535132442?ref_src=twsrc%5Etfw\">March 6, 2025<\/a><\/blockquote><script async src=\"https:\/\/platform.twitter.com\/widgets.js\" charset=\"utf-8\"><\/script>\n<\/div><\/figure>\n\n\n\n<p>Hoje, <strong><a href=\"https:\/\/investx.fr\/pt\/noticias-cripto\/sbf-vira-costas-aliar-trump-libertacao-ftx\/\">Sam Bankman-Fried<\/a><\/strong>, o fundador da plataforma de c\u00e2mbio FTX, est\u00e1 atr\u00e1s das grades, acusado de<strong> fraude<\/strong> maci\u00e7a e irregularidades financeiras. Numa entrevista exclusiva, ele revela os bastidores de sua queda, tra\u00e7ando as etapas desta vertiginosa descida.<\/p>\n\n\n\n<p>Bankman-Fried revisita as decis\u00f5es estrat\u00e9gicas que levaram \u00e0 implos\u00e3o de seu imp\u00e9rio, incluindo a mistura dos fundos da bolsa FTX com os de sua empresa irm\u00e3 Alameda Research. Esta manobra, denominada de <strong><em>&#8220;confus\u00e3o contabil\u00edstica&#8221;<\/em><\/strong> pelo ex-CEO, precipitou a ru\u00edna do grupo, resultando em perdas enormes para os investidores e clientes da plataforma.&nbsp;<\/p>\n\n\n\n<blockquote class=\"wp-block-quote is-layout-flow wp-block-quote-is-layout-flow\">\n<p>&#8220;Cometi erros graves, admito. Mas nunca foi minha inten\u00e7\u00e3o prejudicar deliberadamente algu\u00e9m. Simplesmente subestimei os riscos e as consequ\u00eancias dos meus atos,&#8221; afirma ele, com olhar carregado de arrependimento.<\/p>\n<\/blockquote>\n\n\n\n<h2 class=\"wp-block-heading\" class=\"wp-block-heading\" id=\"uma-licao-para-toda-a-industria-cripto\"><strong>Uma li\u00e7\u00e3o para toda a ind\u00fastria cripto ?<\/strong><\/h2>\n\n\n\n<p>Para al\u00e9m do destino pessoal de Bankman-Fried, esta queda estrondosa abalou profundamente a<strong> confian\u00e7a do p\u00fablico <\/strong>no ecossistema das criptomoedas. <em>&#8220;Este evento destacou as falhas gritantes do nosso setor em termos de governan\u00e7a, transpar\u00eancia e controlo de riscos,&#8221; <\/em>lamenta um especialista do <a href=\"https:\/\/investx.fr\/pt\/noticias-cripto\/mercado-caiu-anuncio-reserva-criptomoedas\/\">mercado cripto<\/a>.<\/p>\n\n\n\n<p>De facto, as revela\u00e7\u00f5es sobre as pr\u00e1ticas obscuras e os conflitos de interesse dentro da FTX e da Alameda suscitaram numerosas quest\u00f5es quanto \u00e0<strong> fiabilidade e seguran\u00e7a<\/strong> das <a href=\"https:\/\/investx.fr\/pt\/investir-criptomoedas\/exchange\/comparativo\/\">exchange de criptomoedas<\/a>. <em>&#8220;\u00c9 uma li\u00e7\u00e3o amarga, mas necess\u00e1ria, para toda a ind\u00fastria. Temos que aprender com este desastre e implementar salvaguardas s\u00f3lidas para restaurar a confian\u00e7a dos investidores,&#8221;<\/em> defende um analista respeitado.<\/p>\n\n\n\n<p>Apesar dos danos consider\u00e1veis causados, alguns observadores acreditam que este evento poder\u00e1 paradoxalmente acelerar a transforma\u00e7\u00e3o e matura\u00e7\u00e3o do setor das criptomoedas. <em>&#8220;A queda da FTX destacou a urgente necessidade de refor\u00e7ar a regulamenta\u00e7\u00e3o, melhorar os controlos e promover uma governan\u00e7a irrepreens\u00edvel. \u00c9 uma oportunidade \u00fanica para evoluirmos o setor em dire\u00e7\u00e3o a mais transpar\u00eancia e responsabilidade,&#8221;<\/em> destaca um especialista em finan\u00e7as descentralizadas.<\/p>\n\n\n\n<figure class=\"wp-block-embed is-type-rich is-provider-twitter wp-block-embed-twitter\"><div class=\"wp-block-embed__wrapper\">\n<blockquote class=\"twitter-tweet\" data-width=\"500\" data-dnt=\"true\"><p lang=\"en\" dir=\"ltr\">Pretty obvious that they\u2019re running the \u201cget a pardon\u201d playbook for SBF.<br><br>First comes out of nowhere tweeting about government jobs, then shows up on Tucker Carlson from prison\u2026next probably see\/hear something about his parents buddying up with one of the blockchain lobbyists\u2026<\/p>&mdash; IcoBeast.eth\ud83e\udd87\ud83d\udd0a (@beast_ico) <a href=\"https:\/\/twitter.com\/beast_ico\/status\/1897726978737783016?ref_src=twsrc%5Etfw\">March 6, 2025<\/a><\/blockquote><script async src=\"https:\/\/platform.twitter.com\/widgets.js\" charset=\"utf-8\"><\/script>\n<\/div><\/figure>\n\n\n\n<p>Para al\u00e9m do destino de Sam Bankman-Fried, toda a <a href=\"https:\/\/investx.fr\/pt\/noticias-cripto\/5-criptomoedas-adquirir-lucrativa-marco\/\">cripto<\/a> est\u00e1 convocada a reinventar-se para ganhar maturidade e credibilidade aos olhos do p\u00fablico. Uma mudan\u00e7a que poder\u00e1 ocorrer atrav\u00e9s da ado\u00e7\u00e3o por parte dos EUA e da cria\u00e7\u00e3o de <a href=\"https:\/\/investx.fr\/pt\/noticias-cripto\/trump-reserva-estrategica-criptomoedas\/\">Reservas estrat\u00e9gicas de cripto<\/a>. Assim, com a chegada de Donald Trump, SBF poder\u00e1 ser libertado?<\/p>\n\n\n\n<div class=\"wp-block-buttons is-layout-flex wp-block-buttons-is-layout-flex\">\n<div class=\"wp-block-button\"><a class=\"wp-block-button__link wp-element-button\" href=\"https:\/\/bonus.bitget.com\/SEO\" target=\"_blank\" rel=\"noreferrer noopener nofollow\">Descubra a exchange Bitget e receba um b\u00f3nus na sua primeira compra <\/a><\/div>\n<\/div>\n\n\n\n<p><strong>Sobre o mesmo assunto :<\/strong><\/p>\n\n\n\n<ul class=\"wp-block-list\">\n<li><a href=\"https:\/\/investx.fr\/pt\/noticias-cripto\/trump-decreto-reserva-estrategica-bitcoin\/\">Donald Trump assina decreto para reserva estrat\u00e9gica de Bitcoin<\/a><\/li>\n\n\n\n<li><a href=\"https:\/\/investx.fr\/pt\/noticias-cripto\/co-fundador-solana-critica-reserva-estrategica-trump\/\">Co-fundador da Solana critica reserva estrat\u00e9gica de Donald Trump<\/a><\/li>\n\n\n\n<li><a href=\"https:\/\/investx.fr\/pt\/noticias-cripto\/3-memecoins-superar-bitcoin-2025\/\">3 memecoins para superar o Bitcoin em 2025<\/a><\/li>\n<\/ul>\n","protected":false},"excerpt":{"rendered":"<p>Sam Bankman-Fried (SBF), a figura central do maior esc\u00e2ndalo da hist\u00f3ria do mundo cripto com a FTX, concedeu uma entrevista exclusiva diretamente da pris\u00e3o. Uma oportunidade \u00fanica para entender os bastidores de um colapso estrondoso que abalou todo o setor.<\/p>\n","protected":false},"author":32,"featured_media":90537,"comment_status":"closed","ping_status":"open","sticky":false,"template":"","format":"standard","meta":{"_acf_changed":false,"_yoast_wpseo_focuskw":"sbf","_yoast_wpseo_title":"Esc\u00e2ndalo FTX : SBF atualiza sobre sua situa\u00e7\u00e3o atr\u00e1s das grades","_yoast_wpseo_metadesc":"Sam Bankman-Fried (SBF), o pol\u00e9mico fundador da FTX, revela detalhes da sua experi\u00eancia na pris\u00e3o numa entrevista exclusiva.","footnotes":"","faq_titre":"","questions_frequentes":"","custom_permalink":""},"categories":[47,6],"tags":[],"class_list":["post-90539","post","type-post","status-publish","format-standard","has-post-thumbnail","hentry","category-exchanges","category-noticias-cripto"],"acf":[],"yoast_head":"<!-- This site is optimized with the Yoast SEO plugin v26.4 - https:\/\/yoast.com\/wordpress\/plugins\/seo\/ -->\n<title>Esc\u00e2ndalo FTX : SBF atualiza sobre sua situa\u00e7\u00e3o atr\u00e1s das grades<\/title>\n<meta name=\"description\" content=\"Sam Bankman-Fried (SBF), o pol\u00e9mico fundador da FTX, revela detalhes da sua experi\u00eancia na pris\u00e3o numa entrevista exclusiva.\" \/>\n<meta name=\"robots\" content=\"index, follow, max-snippet:-1, max-image-preview:large, max-video-preview:-1\" \/>\n<link rel=\"canonical\" href=\"https:\/\/investx.fr\/pt\/noticias-cripto\/ftx-destaque-sbf-atualiza-prisao\/\" \/>\n<meta property=\"og:locale\" content=\"pt_PT\" \/>\n<meta property=\"og:type\" content=\"article\" \/>\n<meta property=\"og:title\" content=\"Esc\u00e2ndalo FTX : SBF atualiza sobre sua situa\u00e7\u00e3o atr\u00e1s das grades\" \/>\n<meta property=\"og:description\" content=\"Sam Bankman-Fried (SBF), o pol\u00e9mico fundador da FTX, revela detalhes da sua experi\u00eancia na pris\u00e3o numa entrevista exclusiva.\" \/>\n<meta property=\"og:site_name\" content=\"InvestX \u2013 Not\u00edcias Cripto, Guia de Trading, An\u00e1lises de Pre\u00e7os &amp; Previs\u00f5es\" \/>\n<meta property=\"article:published_time\" content=\"2025-03-07T10:44:39+00:00\" \/>\n<meta property=\"og:image\" content=\"https:\/\/investx.fr\/pt\/wp-content\/uploads\/sites\/2\/2025\/03\/cover-sbf-ftxfile.jpeg?wsr\" \/>\n\t<meta property=\"og:image:width\" content=\"840\" \/>\n\t<meta property=\"og:image:height\" content=\"560\" \/>\n\t<meta property=\"og:image:type\" content=\"image\/jpeg\" \/>\n<meta name=\"author\" content=\"Charles Ledoux\" \/>\n<meta name=\"twitter:card\" content=\"summary_large_image\" \/>\n<meta name=\"twitter:creator\" content=\"@charl3li\" \/>\n<meta name=\"twitter:label1\" content=\"Escrito por\" \/>\n\t<meta name=\"twitter:data1\" content=\"Charles Ledoux\" \/>\n\t<meta name=\"twitter:label2\" content=\"Tempo estimado de leitura\" \/>\n\t<meta name=\"twitter:data2\" content=\"3 minutos\" \/>\n<script type=\"application\/ld+json\" class=\"yoast-schema-graph\">{\"@context\":\"https:\/\/schema.org\",\"@graph\":[{\"@type\":\"Article\",\"@id\":\"https:\/\/investx.fr\/pt\/noticias-cripto\/ftx-destaque-sbf-atualiza-prisao\/#article\",\"isPartOf\":{\"@id\":\"https:\/\/investx.fr\/pt\/noticias-cripto\/ftx-destaque-sbf-atualiza-prisao\/\"},\"author\":{\"name\":\"Charles Ledoux\",\"@id\":\"https:\/\/investx.fr\/pt\/#\/schema\/person\/a99817b9d097ee5a69e24946de94c23a\"},\"headline\":\"FTX em Destaque : SBF Atualiza de Dentro da Pris\u00e3o\",\"datePublished\":\"2025-03-07T10:44:39+00:00\",\"mainEntityOfPage\":{\"@id\":\"https:\/\/investx.fr\/pt\/noticias-cripto\/ftx-destaque-sbf-atualiza-prisao\/\"},\"wordCount\":487,\"publisher\":{\"@id\":\"https:\/\/investx.fr\/pt\/#organization\"},\"image\":{\"@id\":\"https:\/\/investx.fr\/pt\/noticias-cripto\/ftx-destaque-sbf-atualiza-prisao\/#primaryimage\"},\"thumbnailUrl\":\"https:\/\/media.investx.fr\/wp-content\/uploads\/sites\/2\/2025\/03\/cover-sbf-ftxfile.jpeg?wsr\",\"articleSection\":[\"Exchanges\",\"Noticias\"],\"inLanguage\":\"pt-PT\",\"copyrightYear\":\"2025\",\"copyrightHolder\":{\"@id\":\"https:\/\/investx.fr\/#organization\"}},{\"@type\":\"WebPage\",\"@id\":\"https:\/\/investx.fr\/pt\/noticias-cripto\/ftx-destaque-sbf-atualiza-prisao\/\",\"url\":\"https:\/\/investx.fr\/pt\/noticias-cripto\/ftx-destaque-sbf-atualiza-prisao\/\",\"name\":\"Esc\u00e2ndalo FTX : SBF atualiza sobre sua situa\u00e7\u00e3o atr\u00e1s das grades\",\"isPartOf\":{\"@id\":\"https:\/\/investx.fr\/pt\/#website\"},\"primaryImageOfPage\":{\"@id\":\"https:\/\/investx.fr\/pt\/noticias-cripto\/ftx-destaque-sbf-atualiza-prisao\/#primaryimage\"},\"image\":{\"@id\":\"https:\/\/investx.fr\/pt\/noticias-cripto\/ftx-destaque-sbf-atualiza-prisao\/#primaryimage\"},\"thumbnailUrl\":\"https:\/\/media.investx.fr\/wp-content\/uploads\/sites\/2\/2025\/03\/cover-sbf-ftxfile.jpeg?wsr\",\"datePublished\":\"2025-03-07T10:44:39+00:00\",\"description\":\"Sam Bankman-Fried (SBF), o pol\u00e9mico fundador da FTX, revela detalhes da sua experi\u00eancia na pris\u00e3o numa entrevista exclusiva.\",\"breadcrumb\":{\"@id\":\"https:\/\/investx.fr\/pt\/noticias-cripto\/ftx-destaque-sbf-atualiza-prisao\/#breadcrumb\"},\"inLanguage\":\"pt-PT\",\"potentialAction\":[{\"@type\":\"ReadAction\",\"target\":[\"https:\/\/investx.fr\/pt\/noticias-cripto\/ftx-destaque-sbf-atualiza-prisao\/\"]}]},{\"@type\":\"ImageObject\",\"inLanguage\":\"pt-PT\",\"@id\":\"https:\/\/investx.fr\/pt\/noticias-cripto\/ftx-destaque-sbf-atualiza-prisao\/#primaryimage\",\"url\":\"https:\/\/media.investx.fr\/wp-content\/uploads\/sites\/2\/2025\/03\/cover-sbf-ftxfile.jpeg?wsr\",\"contentUrl\":\"https:\/\/media.investx.fr\/wp-content\/uploads\/sites\/2\/2025\/03\/cover-sbf-ftxfile.jpeg?wsr\",\"width\":840,\"height\":560,\"caption\":\"Capa de filtro solar para ftx.\"},{\"@type\":\"BreadcrumbList\",\"@id\":\"https:\/\/investx.fr\/pt\/noticias-cripto\/ftx-destaque-sbf-atualiza-prisao\/#breadcrumb\",\"itemListElement\":[{\"@type\":\"ListItem\",\"position\":1,\"name\":\"Accueil\",\"item\":\"https:\/\/investx.fr\/pt\/\"},{\"@type\":\"ListItem\",\"position\":2,\"name\":\"FTX em Destaque : SBF Atualiza de Dentro da Pris\u00e3o\"}]},{\"@type\":\"WebSite\",\"@id\":\"https:\/\/investx.fr\/pt\/#website\",\"url\":\"https:\/\/investx.fr\/pt\/\",\"name\":\"InvestX \u2013 Not\u00edcias Cripto, Guia de Trading, An\u00e1lises de Pre\u00e7os &amp; Previs\u00f5es\",\"description\":\"Com InvestX, descubra o mundo das criptomoedas e do trading: Guias, not\u00edcias cripto, an\u00e1lises de pre\u00e7os e previs\u00f5es de criptomoedas (Bitcoin, Ethereum, Altcoins...\",\"publisher\":{\"@id\":\"https:\/\/investx.fr\/pt\/#organization\"},\"potentialAction\":[{\"@type\":\"SearchAction\",\"target\":{\"@type\":\"EntryPoint\",\"urlTemplate\":\"https:\/\/investx.fr\/pt\/?s={search_term_string}\"},\"query-input\":{\"@type\":\"PropertyValueSpecification\",\"valueRequired\":true,\"valueName\":\"search_term_string\"}}],\"inLanguage\":\"pt-PT\"},{\"@type\":\"Organization\",\"@id\":\"https:\/\/investx.fr\/pt\/#organization\",\"name\":\"InvestX \u2013 Not\u00edcias Cripto, Guia de Trading, An\u00e1lises de Pre\u00e7os &amp; Previs\u00f5es\",\"url\":\"https:\/\/investx.fr\/pt\/\",\"logo\":{\"@type\":\"ImageObject\",\"inLanguage\":\"pt-PT\",\"@id\":\"https:\/\/investx.fr\/pt\/#\/schema\/logo\/image\/\",\"url\":\"https:\/\/media.investx.fr\/wp-content\/uploads\/sites\/2\/2022\/09\/cropped-logo-clair-1.png?wsr\",\"contentUrl\":\"https:\/\/media.investx.fr\/wp-content\/uploads\/sites\/2\/2022\/09\/cropped-logo-clair-1.png?wsr\",\"width\":200,\"height\":73,\"caption\":\"InvestX \u2013 Not\u00edcias Cripto, Guia de Trading, An\u00e1lises de Pre\u00e7os &amp; Previs\u00f5es\"},\"image\":{\"@id\":\"https:\/\/investx.fr\/pt\/#\/schema\/logo\/image\/\"}},{\"@type\":\"Person\",\"@id\":\"https:\/\/investx.fr\/pt\/#\/schema\/person\/a99817b9d097ee5a69e24946de94c23a\",\"name\":\"Charles Ledoux\",\"image\":{\"@type\":\"ImageObject\",\"inLanguage\":\"pt-PT\",\"@id\":\"https:\/\/investx.fr\/pt\/#\/schema\/person\/image\/\",\"url\":\"https:\/\/secure.gravatar.com\/avatar\/47d3a48e5bca34238d22886640ecc684e7dd54ad63c435f7005f6b5a1e0ddf8c?s=96&d=mm&r=g\",\"contentUrl\":\"https:\/\/secure.gravatar.com\/avatar\/47d3a48e5bca34238d22886640ecc684e7dd54ad63c435f7005f6b5a1e0ddf8c?s=96&d=mm&r=g\",\"caption\":\"Charles Ledoux\"},\"description\":\"Je suis un analyste sp\u00e9cialis\u00e9 dans les blockchains L1 et leurs fondamentaux comme Bitcoin, Kaspa, Monero, Chainlink ou encore Solana. Je suis \u00e9galement form\u00e9 au trading et \u00e0 l\u2019analyse technique depuis plus d\u2019un an sur le march\u00e9 des cryptomonnaies, mais \u00e9galement sur le forex et les m\u00e9taux pr\u00e9cieux comme l\u2019or ou le silver. J\u2019ai obtenu un dipl\u00f4me de la Crypto Academy sur les fondamentaux techniques du Bitcoin et poss\u00e8de une exp\u00e9rience de plus de 5 ans dans le journalisme et l\u2019\u00e9criture d\u2019articles p\u00e9dagogiques. J\u2019ai notamment \u00e9crit de nombreuses masterclass pour \u00e9duquer les nouveaux venus dans l'industrie et plus de 10 000 articles et news.J\u2019ai \u00e9galement pu interviewer de nombreux fondateurs et cr\u00e9ateurs de projets dans la crypto comme Marc Lebreton (chef marketing de la blockchain SUI), EJ Ayala (Coinbase US et Draftkings), et d\u2019autres projets comme Polyhedra (Eric Vreeland), Usual (Adli Takkal Bataille), ou encore Humanity Protocol (Jade Gu). J\u2019ai plong\u00e9 dans la cryptomonnaie il y a plus de 3 ans et continue de mettre tout en \u0153uvre pour fournir du contenu de qualit\u00e9, avec de l\u2019expertise et la neutralit\u00e9 attendue d\u2019un journaliste. Retrouvez moi aussi sur X pour des analyses et sur Linkedin pour me contacter.\",\"sameAs\":[\"https:\/\/www.linkedin.com\/in\/charles-ledoux-508392239\/\",\"https:\/\/x.com\/charl3li\"],\"url\":\"https:\/\/investx.fr\/pt\/editor\/charles-ledoux\/\"}]}<\/script>\n<!-- \/ Yoast SEO plugin. -->","yoast_head_json":{"title":"Esc\u00e2ndalo FTX : SBF atualiza sobre sua situa\u00e7\u00e3o atr\u00e1s das grades","description":"Sam Bankman-Fried (SBF), o pol\u00e9mico fundador da FTX, revela detalhes da sua experi\u00eancia na pris\u00e3o numa entrevista exclusiva.","robots":{"index":"index","follow":"follow","max-snippet":"max-snippet:-1","max-image-preview":"max-image-preview:large","max-video-preview":"max-video-preview:-1"},"canonical":"https:\/\/investx.fr\/pt\/noticias-cripto\/ftx-destaque-sbf-atualiza-prisao\/","og_locale":"pt_PT","og_type":"article","og_title":"Esc\u00e2ndalo FTX : SBF atualiza sobre sua situa\u00e7\u00e3o atr\u00e1s das grades","og_description":"Sam Bankman-Fried (SBF), o pol\u00e9mico fundador da FTX, revela detalhes da sua experi\u00eancia na pris\u00e3o numa entrevista exclusiva.","og_site_name":"InvestX \u2013 Not\u00edcias Cripto, Guia de Trading, An\u00e1lises de Pre\u00e7os &amp; Previs\u00f5es","article_published_time":"2025-03-07T10:44:39+00:00","og_image":[{"width":840,"height":560,"url":"https:\/\/investx.fr\/pt\/wp-content\/uploads\/sites\/2\/2025\/03\/cover-sbf-ftxfile.jpeg?wsr","type":"image\/jpeg"}],"author":"Charles Ledoux","twitter_card":"summary_large_image","twitter_creator":"@charl3li","twitter_misc":{"Escrito por":"Charles Ledoux","Tempo estimado de leitura":"3 minutos"},"schema":{"@context":"https:\/\/schema.org","@graph":[{"@type":"Article","@id":"https:\/\/investx.fr\/pt\/noticias-cripto\/ftx-destaque-sbf-atualiza-prisao\/#article","isPartOf":{"@id":"https:\/\/investx.fr\/pt\/noticias-cripto\/ftx-destaque-sbf-atualiza-prisao\/"},"author":{"name":"Charles Ledoux","@id":"https:\/\/investx.fr\/pt\/#\/schema\/person\/a99817b9d097ee5a69e24946de94c23a"},"headline":"FTX em Destaque : SBF Atualiza de Dentro da Pris\u00e3o","datePublished":"2025-03-07T10:44:39+00:00","mainEntityOfPage":{"@id":"https:\/\/investx.fr\/pt\/noticias-cripto\/ftx-destaque-sbf-atualiza-prisao\/"},"wordCount":487,"publisher":{"@id":"https:\/\/investx.fr\/pt\/#organization"},"image":{"@id":"https:\/\/investx.fr\/pt\/noticias-cripto\/ftx-destaque-sbf-atualiza-prisao\/#primaryimage"},"thumbnailUrl":"https:\/\/media.investx.fr\/wp-content\/uploads\/sites\/2\/2025\/03\/cover-sbf-ftxfile.jpeg?wsr","articleSection":["Exchanges","Noticias"],"inLanguage":"pt-PT","copyrightYear":"2025","copyrightHolder":{"@id":"https:\/\/investx.fr\/#organization"}},{"@type":"WebPage","@id":"https:\/\/investx.fr\/pt\/noticias-cripto\/ftx-destaque-sbf-atualiza-prisao\/","url":"https:\/\/investx.fr\/pt\/noticias-cripto\/ftx-destaque-sbf-atualiza-prisao\/","name":"Esc\u00e2ndalo FTX : SBF atualiza sobre sua situa\u00e7\u00e3o atr\u00e1s das grades","isPartOf":{"@id":"https:\/\/investx.fr\/pt\/#website"},"primaryImageOfPage":{"@id":"https:\/\/investx.fr\/pt\/noticias-cripto\/ftx-destaque-sbf-atualiza-prisao\/#primaryimage"},"image":{"@id":"https:\/\/investx.fr\/pt\/noticias-cripto\/ftx-destaque-sbf-atualiza-prisao\/#primaryimage"},"thumbnailUrl":"https:\/\/media.investx.fr\/wp-content\/uploads\/sites\/2\/2025\/03\/cover-sbf-ftxfile.jpeg?wsr","datePublished":"2025-03-07T10:44:39+00:00","description":"Sam Bankman-Fried (SBF), o pol\u00e9mico fundador da FTX, revela detalhes da sua experi\u00eancia na pris\u00e3o numa entrevista exclusiva.","breadcrumb":{"@id":"https:\/\/investx.fr\/pt\/noticias-cripto\/ftx-destaque-sbf-atualiza-prisao\/#breadcrumb"},"inLanguage":"pt-PT","potentialAction":[{"@type":"ReadAction","target":["https:\/\/investx.fr\/pt\/noticias-cripto\/ftx-destaque-sbf-atualiza-prisao\/"]}]},{"@type":"ImageObject","inLanguage":"pt-PT","@id":"https:\/\/investx.fr\/pt\/noticias-cripto\/ftx-destaque-sbf-atualiza-prisao\/#primaryimage","url":"https:\/\/media.investx.fr\/wp-content\/uploads\/sites\/2\/2025\/03\/cover-sbf-ftxfile.jpeg?wsr","contentUrl":"https:\/\/media.investx.fr\/wp-content\/uploads\/sites\/2\/2025\/03\/cover-sbf-ftxfile.jpeg?wsr","width":840,"height":560,"caption":"Capa de filtro solar para ftx."},{"@type":"BreadcrumbList","@id":"https:\/\/investx.fr\/pt\/noticias-cripto\/ftx-destaque-sbf-atualiza-prisao\/#breadcrumb","itemListElement":[{"@type":"ListItem","position":1,"name":"Accueil","item":"https:\/\/investx.fr\/pt\/"},{"@type":"ListItem","position":2,"name":"FTX em Destaque : SBF Atualiza de Dentro da Pris\u00e3o"}]},{"@type":"WebSite","@id":"https:\/\/investx.fr\/pt\/#website","url":"https:\/\/investx.fr\/pt\/","name":"InvestX \u2013 Not\u00edcias Cripto, Guia de Trading, An\u00e1lises de Pre\u00e7os &amp; Previs\u00f5es","description":"Com InvestX, descubra o mundo das criptomoedas e do trading: Guias, not\u00edcias cripto, an\u00e1lises de pre\u00e7os e previs\u00f5es de criptomoedas (Bitcoin, Ethereum, Altcoins...","publisher":{"@id":"https:\/\/investx.fr\/pt\/#organization"},"potentialAction":[{"@type":"SearchAction","target":{"@type":"EntryPoint","urlTemplate":"https:\/\/investx.fr\/pt\/?s={search_term_string}"},"query-input":{"@type":"PropertyValueSpecification","valueRequired":true,"valueName":"search_term_string"}}],"inLanguage":"pt-PT"},{"@type":"Organization","@id":"https:\/\/investx.fr\/pt\/#organization","name":"InvestX \u2013 Not\u00edcias Cripto, Guia de Trading, An\u00e1lises de Pre\u00e7os &amp; Previs\u00f5es","url":"https:\/\/investx.fr\/pt\/","logo":{"@type":"ImageObject","inLanguage":"pt-PT","@id":"https:\/\/investx.fr\/pt\/#\/schema\/logo\/image\/","url":"https:\/\/media.investx.fr\/wp-content\/uploads\/sites\/2\/2022\/09\/cropped-logo-clair-1.png?wsr","contentUrl":"https:\/\/media.investx.fr\/wp-content\/uploads\/sites\/2\/2022\/09\/cropped-logo-clair-1.png?wsr","width":200,"height":73,"caption":"InvestX \u2013 Not\u00edcias Cripto, Guia de Trading, An\u00e1lises de Pre\u00e7os &amp; Previs\u00f5es"},"image":{"@id":"https:\/\/investx.fr\/pt\/#\/schema\/logo\/image\/"}},{"@type":"Person","@id":"https:\/\/investx.fr\/pt\/#\/schema\/person\/a99817b9d097ee5a69e24946de94c23a","name":"Charles Ledoux","image":{"@type":"ImageObject","inLanguage":"pt-PT","@id":"https:\/\/investx.fr\/pt\/#\/schema\/person\/image\/","url":"https:\/\/secure.gravatar.com\/avatar\/47d3a48e5bca34238d22886640ecc684e7dd54ad63c435f7005f6b5a1e0ddf8c?s=96&d=mm&r=g","contentUrl":"https:\/\/secure.gravatar.com\/avatar\/47d3a48e5bca34238d22886640ecc684e7dd54ad63c435f7005f6b5a1e0ddf8c?s=96&d=mm&r=g","caption":"Charles Ledoux"},"description":"Je suis un analyste sp\u00e9cialis\u00e9 dans les blockchains L1 et leurs fondamentaux comme Bitcoin, Kaspa, Monero, Chainlink ou encore Solana. Je suis \u00e9galement form\u00e9 au trading et \u00e0 l\u2019analyse technique depuis plus d\u2019un an sur le march\u00e9 des cryptomonnaies, mais \u00e9galement sur le forex et les m\u00e9taux pr\u00e9cieux comme l\u2019or ou le silver. J\u2019ai obtenu un dipl\u00f4me de la Crypto Academy sur les fondamentaux techniques du Bitcoin et poss\u00e8de une exp\u00e9rience de plus de 5 ans dans le journalisme et l\u2019\u00e9criture d\u2019articles p\u00e9dagogiques. J\u2019ai notamment \u00e9crit de nombreuses masterclass pour \u00e9duquer les nouveaux venus dans l'industrie et plus de 10 000 articles et news.J\u2019ai \u00e9galement pu interviewer de nombreux fondateurs et cr\u00e9ateurs de projets dans la crypto comme Marc Lebreton (chef marketing de la blockchain SUI), EJ Ayala (Coinbase US et Draftkings), et d\u2019autres projets comme Polyhedra (Eric Vreeland), Usual (Adli Takkal Bataille), ou encore Humanity Protocol (Jade Gu). J\u2019ai plong\u00e9 dans la cryptomonnaie il y a plus de 3 ans et continue de mettre tout en \u0153uvre pour fournir du contenu de qualit\u00e9, avec de l\u2019expertise et la neutralit\u00e9 attendue d\u2019un journaliste. Retrouvez moi aussi sur X pour des analyses et sur Linkedin pour me contacter.","sameAs":["https:\/\/www.linkedin.com\/in\/charles-ledoux-508392239\/","https:\/\/x.com\/charl3li"],"url":"https:\/\/investx.fr\/pt\/editor\/charles-ledoux\/"}]}},"_links":{"self":[{"href":"https:\/\/investx.fr\/pt\/wp-json\/wp\/v2\/posts\/90539","targetHints":{"allow":["GET"]}}],"collection":[{"href":"https:\/\/investx.fr\/pt\/wp-json\/wp\/v2\/posts"}],"about":[{"href":"https:\/\/investx.fr\/pt\/wp-json\/wp\/v2\/types\/post"}],"author":[{"embeddable":true,"href":"https:\/\/investx.fr\/pt\/wp-json\/wp\/v2\/users\/32"}],"replies":[{"embeddable":true,"href":"https:\/\/investx.fr\/pt\/wp-json\/wp\/v2\/comments?post=90539"}],"version-history":[{"count":3,"href":"https:\/\/investx.fr\/pt\/wp-json\/wp\/v2\/posts\/90539\/revisions"}],"predecessor-version":[{"id":90562,"href":"https:\/\/investx.fr\/pt\/wp-json\/wp\/v2\/posts\/90539\/revisions\/90562"}],"wp:featuredmedia":[{"embeddable":true,"href":"https:\/\/investx.fr\/pt\/wp-json\/wp\/v2\/media\/90537"}],"wp:attachment":[{"href":"https:\/\/investx.fr\/pt\/wp-json\/wp\/v2\/media?parent=90539"}],"wp:term":[{"taxonomy":"category","embeddable":true,"href":"https:\/\/investx.fr\/pt\/wp-json\/wp\/v2\/categories?post=90539"},{"taxonomy":"post_tag","embeddable":true,"href":"https:\/\/investx.fr\/pt\/wp-json\/wp\/v2\/tags?post=90539"}],"curies":[{"name":"wp","href":"https:\/\/api.w.org\/{rel}","templated":true}]}}